{"id":121353,"date":"2024-02-05T12:53:41","date_gmt":"2024-02-05T15:53:41","guid":{"rendered":"https:\/\/onordeste.com.br\/?p=121308"},"modified":"2024-02-05T12:53:41","modified_gmt":"2024-02-05T15:53:41","slug":"prefeitura-lanca-concurso-de-inovacao-na-rede-de-saude-mental","status":"publish","type":"post","link":"https:\/\/iparaiba.com.br\/index.php\/2024\/02\/05\/prefeitura-lanca-concurso-de-inovacao-na-rede-de-saude-mental\/","title":{"rendered":"Prefeitura lan\u00e7a concurso de inova\u00e7\u00e3o na Rede de Sa\u00fade Mental"},"content":{"rendered":"<p style=\"font-weight: 400;\">As demandas de Sa\u00fade Mental t\u00eam se tornado uma das mais importantes na contemporaneidade. Com o objetivo de inovar nas a\u00e7\u00f5es da Rede de Sa\u00fade Mental municipal, a gest\u00e3o municipal lan\u00e7ou o concurso \u201cInovaMente: Desafio de Ideias Transformadoras em Sa\u00fade Mental\u201d.<\/p>\n<p style=\"font-weight: 400;\">\n<p style=\"font-weight: 400;\">Os coordenadores dos Centros de Aten\u00e7\u00e3o Psicossocial (Caps) e das Resid\u00eancias Terap\u00eauticas apresentaram na manh\u00e3 desta sexta-feira, 2, as propostas de projetos para toda a rede do programa Saudavelmente. As propostas foram analisadas por uma comiss\u00e3o coordenada pela primeira-dama, a psic\u00f3loga Juliana Figueiredo Cunha Lima; a secret\u00e1ria executiva de Sa\u00fade Mental, L\u00edvia Sales e a secret\u00e1ria adjunta de Sa\u00fade, Carol Gomes.<\/p>\n<p style=\"font-weight: 400;\">Foram apresentados trabalhos nas \u00e1reas de economia solid\u00e1ria, cultivo de hortas e jardins, alimenta\u00e7\u00e3o, entre outros. Ao final da vota\u00e7\u00e3o, os vencedores das ideias mais inovadoras ganharam brindes, como vounchers para um dia de beleza, camisas, entre outros.<\/p>\n<p style=\"font-weight: 400;\">\u201cBuscamos levantar projetos dentro da pr\u00f3pria rede para que pud\u00e9ssemos expandir nossos servi\u00e7os e que esses projetos chegassem at\u00e9 os usu\u00e1rios. Todos trouxeram ideias inovadoras dentro da Sa\u00fade Mental e fizemos concurso para escolher os que conseguimos aplicar. Tenho certeza que quem mais vai ganhar s\u00e3o os usu\u00e1rios\u201d, disse Juliana.<\/p>\n","protected":false},"excerpt":{"rendered":"<p>As demandas de Sa\u00fade Mental t\u00eam se tornado uma das mais importantes na contemporaneidade. Com o objetivo de inovar nas a\u00e7\u00f5es da Rede de Sa\u00fade Mental municipal, a gest\u00e3o municipal lan\u00e7ou o concurso \u201cInovaMente: Desafio de Ideias Transformadoras em Sa\u00fade Mental\u201d. Os coordenadores dos Centros de Aten\u00e7\u00e3o Psicossocial (Caps) e das Resid\u00eancias Terap\u00eauticas apresentaram na &hellip;<\/p>\n","protected":false},"author":1,"featured_media":97504,"comment_status":"open","ping_status":"open","sticky":false,"template":"","format":"standard","meta":{"footnotes":""},"categories":[2],"tags":[],"class_list":["post-121353","post","type-post","status-publish","format-standard","has-post-thumbnail","hentry","category-saude"],"_links":{"self":[{"href":"https:\/\/iparaiba.com.br\/index.php\/wp-json\/wp\/v2\/posts\/121353","targetHints":{"allow":["GET"]}}],"collection":[{"href":"https:\/\/iparaiba.com.br\/index.php\/wp-json\/wp\/v2\/posts"}],"about":[{"href":"https:\/\/iparaiba.com.br\/index.php\/wp-json\/wp\/v2\/types\/post"}],"author":[{"embeddable":true,"href":"https:\/\/iparaiba.com.br\/index.php\/wp-json\/wp\/v2\/users\/1"}],"replies":[{"embeddable":true,"href":"https:\/\/iparaiba.com.br\/index.php\/wp-json\/wp\/v2\/comments?post=121353"}],"version-history":[{"count":0,"href":"https:\/\/iparaiba.com.br\/index.php\/wp-json\/wp\/v2\/posts\/121353\/revisions"}],"wp:featuredmedia":[{"embeddable":true,"href":"https:\/\/iparaiba.com.br\/index.php\/wp-json\/wp\/v2\/media\/97504"}],"wp:attachment":[{"href":"https:\/\/iparaiba.com.br\/index.php\/wp-json\/wp\/v2\/media?parent=121353"}],"wp:term":[{"taxonomy":"category","embeddable":true,"href":"https:\/\/iparaiba.com.br\/index.php\/wp-json\/wp\/v2\/categories?post=121353"},{"taxonomy":"post_tag","embeddable":true,"href":"https:\/\/iparaiba.com.br\/index.php\/wp-json\/wp\/v2\/tags?post=121353"}],"curies":[{"name":"wp","href":"https:\/\/api.w.org\/{rel}","templated":true}]}}