{"id":121352,"date":"2024-02-05T12:52:37","date_gmt":"2024-02-05T15:52:37","guid":{"rendered":"https:\/\/onordeste.com.br\/?p=121306"},"modified":"2024-02-05T12:52:37","modified_gmt":"2024-02-05T15:52:37","slug":"alpb-reabre-sessoes","status":"publish","type":"post","link":"https:\/\/iparaiba.com.br\/index.php\/2024\/02\/05\/alpb-reabre-sessoes\/","title":{"rendered":"ALPB reabre sess\u00f5es"},"content":{"rendered":"<p>A Assembleia Legislativa da Para\u00edba (ALPB) realiza, nesta quarta-feira (7), a primeira sess\u00e3o ordin\u00e1ria da 20\u00aa Legislatura, que acontecer\u00e1 a partir das 9h30 no Plen\u00e1rio Deputado Jos\u00e9 Mariz. Na oportunidade, o governador Jo\u00e3o Azev\u00eado apresentar\u00e1 a mensagem do Poder Executivo ao Legislativo para o ano de 2024.<\/p>\n<p>Al\u00e9m dos deputados e do governador Jo\u00e3o Azev\u00eado, a sess\u00e3o contar\u00e1 com a presen\u00e7a de representantes do Tribunal de Justi\u00e7a do Estado (TJPB), do Tribunal de Contas do Estado (TCE-PB), e do Minist\u00e9rio P\u00fablico da Para\u00edba (MPPB).<\/p>\n<p>O presidente da Casa de Epit\u00e1cio Pessoa, deputado Adriano Galdino, declarou a prioridade do Poder Legislativo continuar\u00e1 sendo ouvir a voz do povo da Para\u00edba, estar ciente de suas demandas e apresentar propostas e legisla\u00e7\u00e3o que tragam melhoria na qualidade de vida dos paraibanos.<\/p>\n<p>\u201c\u00c9 dever de todos os deputados e deputadas, eleitos pelo povo, trazer para a Assembleia Legislativa da Para\u00edba mat\u00e9rias que dialoguem com a popula\u00e7\u00e3o, que defendam seus direitos, que garantam a melhoria de suas vidas em todas as regi\u00f5es do estado. S\u00f3 ouvindo o povo \u00e9 que n\u00f3s poderemos apresentar projetos e criar leis que contribuam para uma Para\u00edba melhor e mais justa para todos\u201d, declarou Adriano.<\/p>\n","protected":false},"excerpt":{"rendered":"<p>A Assembleia Legislativa da Para\u00edba (ALPB) realiza, nesta quarta-feira (7), a primeira sess\u00e3o ordin\u00e1ria da 20\u00aa Legislatura, que acontecer\u00e1 a partir das 9h30 no Plen\u00e1rio Deputado Jos\u00e9 Mariz. Na oportunidade, o governador Jo\u00e3o Azev\u00eado apresentar\u00e1 a mensagem do Poder Executivo ao Legislativo para o ano de 2024. Al\u00e9m dos deputados e do governador Jo\u00e3o Azev\u00eado, &hellip;<\/p>\n","protected":false},"author":1,"featured_media":115221,"comment_status":"open","ping_status":"open","sticky":false,"template":"","format":"standard","meta":{"footnotes":""},"categories":[8],"tags":[],"class_list":["post-121352","post","type-post","status-publish","format-standard","has-post-thumbnail","hentry","category-politica"],"_links":{"self":[{"href":"https:\/\/iparaiba.com.br\/index.php\/wp-json\/wp\/v2\/posts\/121352","targetHints":{"allow":["GET"]}}],"collection":[{"href":"https:\/\/iparaiba.com.br\/index.php\/wp-json\/wp\/v2\/posts"}],"about":[{"href":"https:\/\/iparaiba.com.br\/index.php\/wp-json\/wp\/v2\/types\/post"}],"author":[{"embeddable":true,"href":"https:\/\/iparaiba.com.br\/index.php\/wp-json\/wp\/v2\/users\/1"}],"replies":[{"embeddable":true,"href":"https:\/\/iparaiba.com.br\/index.php\/wp-json\/wp\/v2\/comments?post=121352"}],"version-history":[{"count":0,"href":"https:\/\/iparaiba.com.br\/index.php\/wp-json\/wp\/v2\/posts\/121352\/revisions"}],"wp:featuredmedia":[{"embeddable":true,"href":"https:\/\/iparaiba.com.br\/index.php\/wp-json\/wp\/v2\/media\/115221"}],"wp:attachment":[{"href":"https:\/\/iparaiba.com.br\/index.php\/wp-json\/wp\/v2\/media?parent=121352"}],"wp:term":[{"taxonomy":"category","embeddable":true,"href":"https:\/\/iparaiba.com.br\/index.php\/wp-json\/wp\/v2\/categories?post=121352"},{"taxonomy":"post_tag","embeddable":true,"href":"https:\/\/iparaiba.com.br\/index.php\/wp-json\/wp\/v2\/tags?post=121352"}],"curies":[{"name":"wp","href":"https:\/\/api.w.org\/{rel}","templated":true}]}}