{"id":121351,"date":"2024-02-07T18:45:43","date_gmt":"2024-02-07T21:45:43","guid":{"rendered":"https:\/\/onordeste.com.br\/?p=121351"},"modified":"2024-02-07T18:45:43","modified_gmt":"2024-02-07T21:45:43","slug":"dengue-tres-estados-e-df-decretam-situacao-de-emergencia-por-explosao-de-casos","status":"publish","type":"post","link":"https:\/\/iparaiba.com.br\/index.php\/2024\/02\/07\/dengue-tres-estados-e-df-decretam-situacao-de-emergencia-por-explosao-de-casos\/","title":{"rendered":"Dengue: tr\u00eas estados e DF decretam situa\u00e7\u00e3o de emerg\u00eancia por explos\u00e3o de casos"},"content":{"rendered":"<p>A explos\u00e3o de\u00a0casos de dengue\u00a0em diversas regi\u00f5es do pa\u00eds fez com que pelo menos tr\u00eas estados \u2013 Acre, Minas Gerais e Goi\u00e1s, al\u00e9m do Distrito Federal \u2013 decretassem situa\u00e7\u00e3o de emerg\u00eancia em sa\u00fade p\u00fablica.<\/p>\n<p>O decreto do estado de Goi\u00e1s foi publicado na \u00faltima sexta-feira (2). Dados da Secretaria de Sa\u00fade indicam que, este ano, foram registrados 22.275 casos de dengue e duas mortes no estado \u2013 um aumento de 58% na compara\u00e7\u00e3o com o mesmo per\u00edodo de 2023.<\/p>\n<p>Minas Gerais publicou decreto de emerg\u00eancia em sa\u00fade p\u00fablica no \u00faltimo dia 27. At\u00e9 o dia 29, foram registrados 64.724 casos prov\u00e1veis e 23.389 casos confirmados da doen\u00e7a, al\u00e9m de um \u00f3bito confirmado e 35 em investiga\u00e7\u00e3o.<\/p>\n","protected":false},"excerpt":{"rendered":"<p>A explos\u00e3o de\u00a0casos de dengue\u00a0em diversas regi\u00f5es do pa\u00eds fez com que pelo menos tr\u00eas estados \u2013 Acre, Minas Gerais e Goi\u00e1s, al\u00e9m do Distrito Federal \u2013 decretassem situa\u00e7\u00e3o de emerg\u00eancia em sa\u00fade p\u00fablica. O decreto do estado de Goi\u00e1s foi publicado na \u00faltima sexta-feira (2). Dados da Secretaria de Sa\u00fade indicam que, este ano, &hellip;<\/p>\n","protected":false},"author":1,"featured_media":98128,"comment_status":"open","ping_status":"open","sticky":false,"template":"","format":"standard","meta":{"footnotes":""},"categories":[10],"tags":[],"class_list":["post-121351","post","type-post","status-publish","format-standard","has-post-thumbnail","hentry","category-manchetes"],"_links":{"self":[{"href":"https:\/\/iparaiba.com.br\/index.php\/wp-json\/wp\/v2\/posts\/121351","targetHints":{"allow":["GET"]}}],"collection":[{"href":"https:\/\/iparaiba.com.br\/index.php\/wp-json\/wp\/v2\/posts"}],"about":[{"href":"https:\/\/iparaiba.com.br\/index.php\/wp-json\/wp\/v2\/types\/post"}],"author":[{"embeddable":true,"href":"https:\/\/iparaiba.com.br\/index.php\/wp-json\/wp\/v2\/users\/1"}],"replies":[{"embeddable":true,"href":"https:\/\/iparaiba.com.br\/index.php\/wp-json\/wp\/v2\/comments?post=121351"}],"version-history":[{"count":1,"href":"https:\/\/iparaiba.com.br\/index.php\/wp-json\/wp\/v2\/posts\/121351\/revisions"}],"predecessor-version":[{"id":121374,"href":"https:\/\/iparaiba.com.br\/index.php\/wp-json\/wp\/v2\/posts\/121351\/revisions\/121374"}],"wp:featuredmedia":[{"embeddable":true,"href":"https:\/\/iparaiba.com.br\/index.php\/wp-json\/wp\/v2\/media\/98128"}],"wp:attachment":[{"href":"https:\/\/iparaiba.com.br\/index.php\/wp-json\/wp\/v2\/media?parent=121351"}],"wp:term":[{"taxonomy":"category","embeddable":true,"href":"https:\/\/iparaiba.com.br\/index.php\/wp-json\/wp\/v2\/categories?post=121351"},{"taxonomy":"post_tag","embeddable":true,"href":"https:\/\/iparaiba.com.br\/index.php\/wp-json\/wp\/v2\/tags?post=121351"}],"curies":[{"name":"wp","href":"https:\/\/api.w.org\/{rel}","templated":true}]}}