{"id":121349,"date":"2024-02-07T16:00:44","date_gmt":"2024-02-07T19:00:44","guid":{"rendered":"https:\/\/onordeste.com.br\/?p=121349"},"modified":"2024-02-07T16:00:44","modified_gmt":"2024-02-07T19:00:44","slug":"tribunais-sao-orientados-a-adotar-mecanismos-de-estimulo-a-recuperacao-da-divida-ativa","status":"publish","type":"post","link":"https:\/\/iparaiba.com.br\/index.php\/2024\/02\/07\/tribunais-sao-orientados-a-adotar-mecanismos-de-estimulo-a-recuperacao-da-divida-ativa\/","title":{"rendered":"Tribunais s\u00e3o orientados a adotar mecanismos de est\u00edmulo \u00e0 recupera\u00e7\u00e3o da d\u00edvida ativa"},"content":{"rendered":"<p>As entidades representativas dos \u00f3rg\u00e3os de controle externo lan\u00e7aram a\u00a0<a href=\"https:\/\/atricon.org.br\/wp-content\/uploads\/2024\/01\/Nota-Recomendatoria-Atricon-IRB-Abracom-CNPTC-no-01-2024-1-1.pdf\">Nota Recomendat\u00f3ria Conjunta n\u00ba 01\/2024<\/a>, contendo diretrizes para otimizar a recupera\u00e7\u00e3o dos valores relacionados \u00e0 d\u00edvida ativa dos Estados e Munic\u00edpios. O documento visa a aprimorar a efici\u00eancia e a efetividade das cobran\u00e7as e reduzir a judicializa\u00e7\u00e3o das demandas. Entre as medidas propostas destaca-se o est\u00edmulo para que executivos municipais e estaduais priorizem a cobran\u00e7a administrativa, sobretudo por meio de negocia\u00e7\u00f5es e do protesto dos t\u00edtulos.<\/p>\n<p>A nota destaca que os processos de execu\u00e7\u00e3o fiscal s\u00e3o apontados como a principal causa da morosidade do Poder Judici\u00e1rio, correspondendo a, aproximadamente, 34% do total de a\u00e7\u00f5es em curso e 64% do total de execu\u00e7\u00f5es que tramitam no \u00e2mbito judicial. Al\u00e9m disso, aponta que h\u00e1 \u201cmilhares de processos de valor econ\u00f4mico insignificante ou invi\u00e1vel, cujos custos de an\u00e1lise e de julgamento superam os montantes dos cr\u00e9ditos buscados\u201d. Os dados s\u00e3o do relat\u00f3rio \u201cJusti\u00e7a em N\u00fameros 2023, elaborado pelo Conselho Nacional de Justi\u00e7a (CNJ).<\/p>\n<p>As entidades apontam na NR que, entre os benef\u00edcios que podem ser gerados pela\u00a0 cobran\u00e7a extrajudicial por meio de protesto, est\u00e3o a maior rapidez na recupera\u00e7\u00e3o dos valores, a inibi\u00e7\u00e3o da inadimpl\u00eancia e a redu\u00e7\u00e3o do n\u00famero de processos judicializados. Tamb\u00e9m sugerem a avalia\u00e7\u00e3o quanto \u00e0 conveni\u00eancia e \u00e0 oportunidade da solicita\u00e7\u00e3o da suspens\u00e3o da a\u00e7\u00e3o de execu\u00e7\u00e3o fiscal e ado\u00e7\u00e3o de mecanismos de concilia\u00e7\u00e3o ou outras solu\u00e7\u00f5es administrativas, para ent\u00e3o, caso n\u00e3o se obtenha resultado, o protesto dos valores.<\/p>\n<p>A Nota Recomendat\u00f3ria ressalta ainda a import\u00e2ncia da constitui\u00e7\u00e3o de grupo de trabalho integrado por representantes dos Tribunais de Contas e de outros \u00f3rg\u00e3os, Poderes e entidades, a exemplo de Executivos, Tribunais de Justi\u00e7a, Minist\u00e9rio P\u00fablico, procuradorias estaduais e municipais, cart\u00f3rios e associa\u00e7\u00f5es de Munic\u00edpios com o prop\u00f3sito de formular, consolidar e fomentar as melhores pr\u00e1ticas relacionadas \u00e0 manuten\u00e7\u00e3o, atualiza\u00e7\u00e3o e depura\u00e7\u00e3o de cadastros.<\/p>\n<p>Adicionalmente, a recomenda\u00e7\u00e3o cita a realiza\u00e7\u00e3o de auditorias operacionais ou de conformidade para verificar a efici\u00eancia, efic\u00e1cia e efetividade da cobran\u00e7a da d\u00edvida ativa pelos executivos.<\/p>\n<p>Assinam a recomenda\u00e7\u00e3o os presidentes da Atricon, Cezar Miola, do IRB, Edilberto Pontes, da Abracom, Joaquim de Castro, e do CNPTC, Luiz Ant\u00f4nio Guaran\u00e1.<\/p>\n<p>Ao comentar sobre o trabalho, o presidente da Atricon destacou a grande contribui\u00e7\u00e3o que a iniciativa das entidades trar\u00e1 para o incremento da arrecada\u00e7\u00e3o e para otimizar a gest\u00e3o e a governan\u00e7a numa seara cada vez relevante para o equil\u00edbrio das contas p\u00fablicas e na busca da justi\u00e7a fiscal, al\u00e9m da diminui\u00e7\u00e3o das demandas que des\u00e1guam no Judici\u00e1rio. Cezar Miola tamb\u00e9m agradeceu o trabalho dos membros e servidores dos Tribunais de Contas, cujo desempenho t\u00e9cnico e jur\u00eddico resultou num produto de excel\u00eancia.<\/p>\n<p>A Atricon agendou uma audi\u00eancia com o presidente do Supremo Tribunal Federal e do Conselho Nacional de Justi\u00e7a, Lu\u00eds Roberto Barroso, onde o tema ser\u00e1 abordado pelos presidentes das entidades que subscrevem a recomenda\u00e7\u00e3o. Conforme o presidente Cezar Miola, al\u00e9m da nota recomendat\u00f3ria, o objetivo \u00e9 apresentar o Marco de Medi\u00e7\u00e3o de Desempenho dos Tribunais de Contas \u2013 MMD-TC, projeto cuja concep\u00e7\u00e3o e funcionalidades podem ser aproveitadas em rela\u00e7\u00e3o a diversas compet\u00eancias do CNJ.<\/p>\n<p>Ascom\/TCE-PB, com informa\u00e7\u00f5es da Atricon<\/p>\n","protected":false},"excerpt":{"rendered":"<p>As entidades representativas dos \u00f3rg\u00e3os de controle externo lan\u00e7aram a\u00a0Nota Recomendat\u00f3ria Conjunta n\u00ba 01\/2024, contendo diretrizes para otimizar a recupera\u00e7\u00e3o dos valores relacionados \u00e0 d\u00edvida ativa dos Estados e Munic\u00edpios. O documento visa a aprimorar a efici\u00eancia e a efetividade das cobran\u00e7as e reduzir a judicializa\u00e7\u00e3o das demandas. Entre as medidas propostas destaca-se o est\u00edmulo &hellip;<\/p>\n","protected":false},"author":1,"featured_media":97620,"comment_status":"open","ping_status":"open","sticky":false,"template":"","format":"standard","meta":{"footnotes":""},"categories":[18],"tags":[],"class_list":["post-121349","post","type-post","status-publish","format-standard","has-post-thumbnail","hentry","category-brasil"],"_links":{"self":[{"href":"https:\/\/iparaiba.com.br\/index.php\/wp-json\/wp\/v2\/posts\/121349","targetHints":{"allow":["GET"]}}],"collection":[{"href":"https:\/\/iparaiba.com.br\/index.php\/wp-json\/wp\/v2\/posts"}],"about":[{"href":"https:\/\/iparaiba.com.br\/index.php\/wp-json\/wp\/v2\/types\/post"}],"author":[{"embeddable":true,"href":"https:\/\/iparaiba.com.br\/index.php\/wp-json\/wp\/v2\/users\/1"}],"replies":[{"embeddable":true,"href":"https:\/\/iparaiba.com.br\/index.php\/wp-json\/wp\/v2\/comments?post=121349"}],"version-history":[{"count":1,"href":"https:\/\/iparaiba.com.br\/index.php\/wp-json\/wp\/v2\/posts\/121349\/revisions"}],"predecessor-version":[{"id":121373,"href":"https:\/\/iparaiba.com.br\/index.php\/wp-json\/wp\/v2\/posts\/121349\/revisions\/121373"}],"wp:featuredmedia":[{"embeddable":true,"href":"https:\/\/iparaiba.com.br\/index.php\/wp-json\/wp\/v2\/media\/97620"}],"wp:attachment":[{"href":"https:\/\/iparaiba.com.br\/index.php\/wp-json\/wp\/v2\/media?parent=121349"}],"wp:term":[{"taxonomy":"category","embeddable":true,"href":"https:\/\/iparaiba.com.br\/index.php\/wp-json\/wp\/v2\/categories?post=121349"},{"taxonomy":"post_tag","embeddable":true,"href":"https:\/\/iparaiba.com.br\/index.php\/wp-json\/wp\/v2\/tags?post=121349"}],"curies":[{"name":"wp","href":"https:\/\/api.w.org\/{rel}","templated":true}]}}