{"id":121344,"date":"2024-02-07T10:00:44","date_gmt":"2024-02-07T13:00:44","guid":{"rendered":"https:\/\/onordeste.com.br\/?p=121343"},"modified":"2024-02-07T10:00:44","modified_gmt":"2024-02-07T13:00:44","slug":"presos-passageiros-transportando-metanfetamina-liquida-e-thc","status":"publish","type":"post","link":"https:\/\/iparaiba.com.br\/index.php\/2024\/02\/07\/presos-passageiros-transportando-metanfetamina-liquida-e-thc\/","title":{"rendered":"Presos passageiros transportando metanfetamina l\u00edquida e THC"},"content":{"rendered":"<p style=\"text-align: left;\" align=\"right\"><b>Guarulhos\/SP.\u00a0<\/b>A Pol\u00edcia Federal, em momentos distintos, no Aeroporto Internacional de S\u00e3o Paulo, prendeu\u00a0 tr\u00eas passageiros que desembarcaram de voos provenientes do M\u00e9xico e Amazonas (BR), transportando drogas nas bagagens.<\/p>\n<p>As pris\u00f5es foram resultado das a\u00e7\u00f5es realizadas pela Receita e FAB (no \u00e2mbito da GLO). Na sexta-feira, servidores da Receita Federal, que fiscalizavam os passageiros junto aos canais alfandeg\u00e1rios, selecionaram para inspe\u00e7\u00e3o um homem, nacional do M\u00e9xico, que desembarcou de voo proveniente de seu pa\u00eds natal.<\/p>\n<p>Ao analisarem as imagens do aparelho de raio-x, perceberam que havia diversos frascos no interior de sua mala e, ap\u00f3s testar o l\u00edquido, contido nos frascos, com o uso de reagente qu\u00edmico, obtiveram a indica\u00e7\u00e3o de que poderia se tratar de droga. O homem foi conduzido \u00e0 delegacia da PF e preso ap\u00f3s os peritos federais confirmarem as suspeitas. O peso bruto do l\u00edquido apreendido somou quase 12 Kg.<\/p>\n<p>Em outra a\u00e7\u00e3o, esta realizada na madrugada desta segunda-feira, por militares da FAB, com o uso de c\u00e3es farejadores, foram presos dois irm\u00e3os, que desembarcaram de voo proveniente de Manaus\/AM, transportando em suas bagagens quase 20 Kg de THC (skunk).<b><\/b><\/p>\n<p align=\"right\"><b>Comunica\u00e7\u00e3o Social<\/b><\/p>\n<p align=\"right\"><b>Delegacia Especial no Aeroporto Internacional de S\u00e3o Paulo\/Guarulhos<\/b><b><\/b><\/p>\n<p align=\"right\"><b>Superintend\u00eancia da Pol\u00edcia Federal em S\u00e3o Paulo<\/b><\/p>\n","protected":false},"excerpt":{"rendered":"<p>Guarulhos\/SP.\u00a0A Pol\u00edcia Federal, em momentos distintos, no Aeroporto Internacional de S\u00e3o Paulo, prendeu\u00a0 tr\u00eas passageiros que desembarcaram de voos provenientes do M\u00e9xico e Amazonas (BR), transportando drogas nas bagagens. As pris\u00f5es foram resultado das a\u00e7\u00f5es realizadas pela Receita e FAB (no \u00e2mbito da GLO). Na sexta-feira, servidores da Receita Federal, que fiscalizavam os passageiros junto &hellip;<\/p>\n","protected":false},"author":1,"featured_media":119197,"comment_status":"open","ping_status":"open","sticky":false,"template":"","format":"standard","meta":{"footnotes":""},"categories":[13],"tags":[],"class_list":["post-121344","post","type-post","status-publish","format-standard","has-post-thumbnail","hentry","category-policial"],"_links":{"self":[{"href":"https:\/\/iparaiba.com.br\/index.php\/wp-json\/wp\/v2\/posts\/121344","targetHints":{"allow":["GET"]}}],"collection":[{"href":"https:\/\/iparaiba.com.br\/index.php\/wp-json\/wp\/v2\/posts"}],"about":[{"href":"https:\/\/iparaiba.com.br\/index.php\/wp-json\/wp\/v2\/types\/post"}],"author":[{"embeddable":true,"href":"https:\/\/iparaiba.com.br\/index.php\/wp-json\/wp\/v2\/users\/1"}],"replies":[{"embeddable":true,"href":"https:\/\/iparaiba.com.br\/index.php\/wp-json\/wp\/v2\/comments?post=121344"}],"version-history":[{"count":1,"href":"https:\/\/iparaiba.com.br\/index.php\/wp-json\/wp\/v2\/posts\/121344\/revisions"}],"predecessor-version":[{"id":121370,"href":"https:\/\/iparaiba.com.br\/index.php\/wp-json\/wp\/v2\/posts\/121344\/revisions\/121370"}],"wp:featuredmedia":[{"embeddable":true,"href":"https:\/\/iparaiba.com.br\/index.php\/wp-json\/wp\/v2\/media\/119197"}],"wp:attachment":[{"href":"https:\/\/iparaiba.com.br\/index.php\/wp-json\/wp\/v2\/media?parent=121344"}],"wp:term":[{"taxonomy":"category","embeddable":true,"href":"https:\/\/iparaiba.com.br\/index.php\/wp-json\/wp\/v2\/categories?post=121344"},{"taxonomy":"post_tag","embeddable":true,"href":"https:\/\/iparaiba.com.br\/index.php\/wp-json\/wp\/v2\/tags?post=121344"}],"curies":[{"name":"wp","href":"https:\/\/api.w.org\/{rel}","templated":true}]}}