{"id":121343,"date":"2024-02-07T10:00:28","date_gmt":"2024-02-07T13:00:28","guid":{"rendered":"https:\/\/onordeste.com.br\/?p=121341"},"modified":"2024-02-07T10:00:28","modified_gmt":"2024-02-07T13:00:28","slug":"pf-cumpre-mandados-de-prisao-no-ambito-da-operacao-i-fraude","status":"publish","type":"post","link":"https:\/\/iparaiba.com.br\/index.php\/2024\/02\/07\/pf-cumpre-mandados-de-prisao-no-ambito-da-operacao-i-fraude\/","title":{"rendered":"PF cumpre mandados de pris\u00e3o no \u00e2mbito da Opera\u00e7\u00e3o I-Fraude"},"content":{"rendered":"<p><strong>Bras\u00edlia\/DF.<\/strong> A Pol\u00edcia Federal cumpriu tr\u00eas mandados de pris\u00e3o preventiva no \u00e2mbito da Opera\u00e7\u00e3o I-Fraude, que desarticulou organiza\u00e7\u00e3o criminosa respons\u00e1vel pela invas\u00e3o de sistemas federais e venda de dados pessoais por meio de pain\u00e9is de pesquisas.<\/p>\n<p>Os mandados judiciais, expedidos pela 12\u00aa Vara Federal Criminal da Se\u00e7\u00e3o Judici\u00e1ria do Distrito Federal, foram cumpridos em Campinas\/SP (2) e Caruaru\/PE (1).<\/p>\n<p>Foi determinado ainda o bloqueio de at\u00e9 R$ 4 milh\u00f5es das contas banc\u00e1rias dos investigados.<\/p>\n<p>Veja mais informa\u00e7\u00f5es sobre a opera\u00e7\u00e3o:\u00a0<a href=\"https:\/\/www.gov.br\/pf\/pt-br\/assuntos\/noticias\/2024\/01\/pf-investiga-venda-de-dados-obtidos-com-invasao-a-sistemas-federais\">https:\/\/www.gov.br\/pf\/pt-br\/assuntos\/noticias\/2024\/01\/pf-investiga-venda-de-dados-obtidos-com-invasao-a-sistemas-federais<\/a>.<\/p>\n<p><em><strong>Coordena\u00e7\u00e3o-Geral de Comunica\u00e7\u00e3o Social<\/strong><\/em><\/p>\n","protected":false},"excerpt":{"rendered":"<p>Bras\u00edlia\/DF. A Pol\u00edcia Federal cumpriu tr\u00eas mandados de pris\u00e3o preventiva no \u00e2mbito da Opera\u00e7\u00e3o I-Fraude, que desarticulou organiza\u00e7\u00e3o criminosa respons\u00e1vel pela invas\u00e3o de sistemas federais e venda de dados pessoais por meio de pain\u00e9is de pesquisas. Os mandados judiciais, expedidos pela 12\u00aa Vara Federal Criminal da Se\u00e7\u00e3o Judici\u00e1ria do Distrito Federal, foram cumpridos em Campinas\/SP &hellip;<\/p>\n","protected":false},"author":1,"featured_media":109043,"comment_status":"open","ping_status":"open","sticky":false,"template":"","format":"standard","meta":{"footnotes":""},"categories":[8],"tags":[],"class_list":["post-121343","post","type-post","status-publish","format-standard","has-post-thumbnail","hentry","category-politica"],"_links":{"self":[{"href":"https:\/\/iparaiba.com.br\/index.php\/wp-json\/wp\/v2\/posts\/121343","targetHints":{"allow":["GET"]}}],"collection":[{"href":"https:\/\/iparaiba.com.br\/index.php\/wp-json\/wp\/v2\/posts"}],"about":[{"href":"https:\/\/iparaiba.com.br\/index.php\/wp-json\/wp\/v2\/types\/post"}],"author":[{"embeddable":true,"href":"https:\/\/iparaiba.com.br\/index.php\/wp-json\/wp\/v2\/users\/1"}],"replies":[{"embeddable":true,"href":"https:\/\/iparaiba.com.br\/index.php\/wp-json\/wp\/v2\/comments?post=121343"}],"version-history":[{"count":1,"href":"https:\/\/iparaiba.com.br\/index.php\/wp-json\/wp\/v2\/posts\/121343\/revisions"}],"predecessor-version":[{"id":121369,"href":"https:\/\/iparaiba.com.br\/index.php\/wp-json\/wp\/v2\/posts\/121343\/revisions\/121369"}],"wp:featuredmedia":[{"embeddable":true,"href":"https:\/\/iparaiba.com.br\/index.php\/wp-json\/wp\/v2\/media\/109043"}],"wp:attachment":[{"href":"https:\/\/iparaiba.com.br\/index.php\/wp-json\/wp\/v2\/media?parent=121343"}],"wp:term":[{"taxonomy":"category","embeddable":true,"href":"https:\/\/iparaiba.com.br\/index.php\/wp-json\/wp\/v2\/categories?post=121343"},{"taxonomy":"post_tag","embeddable":true,"href":"https:\/\/iparaiba.com.br\/index.php\/wp-json\/wp\/v2\/tags?post=121343"}],"curies":[{"name":"wp","href":"https:\/\/api.w.org\/{rel}","templated":true}]}}