{"id":121342,"date":"2024-02-07T08:00:02","date_gmt":"2024-02-07T11:00:02","guid":{"rendered":"https:\/\/onordeste.com.br\/?p=121339"},"modified":"2024-02-07T08:00:02","modified_gmt":"2024-02-07T11:00:02","slug":"pf-apreende-terceira-carga-de-skunk","status":"publish","type":"post","link":"https:\/\/iparaiba.com.br\/index.php\/2024\/02\/07\/pf-apreende-terceira-carga-de-skunk\/","title":{"rendered":"PF apreende terceira carga de skunk"},"content":{"rendered":"<p><b>Bel\u00e9m\/PA.<\/b>\u00a0A Pol\u00edcia Federal apreendeu mais um carregamento com centenas de quilos de skunk, um tipo de maconha beneficiada em laborat\u00f3rio. O flagrante foi neste domingo (4\/2), em Bel\u00e9m, dentro de um caminh\u00e3o vindo de balsa de Manaus, com 240 quilos da droga. Dessa vez, a a\u00e7\u00e3o teve apoio do Corpo de Bombeiros e da Receita Federal.<\/p>\n<p>Diferente da apreens\u00e3o de quinta-feira passada, quando o motorista foi encontrado, o ve\u00edculo estava estacionado sem condutor, por isso ningu\u00e9m foi preso.<\/p>\n<p>Outra semelhan\u00e7a entre as a\u00e7\u00f5es \u00e9 a ilustra\u00e7\u00e3o id\u00eantica dos pacotes de skunk, com desenho de jacar\u00e9, o que mostra a alta probabilidade de ambos carregamentos terem origem no mesmo grupo criminoso.<\/p>\n<p>Mais um ponto em comum \u00e9 que nessas duas vezes a droga estava escondida da mesma forma, em um fundo falso do caminh\u00e3o. Dessa vez, a lataria estava soldada de forma que foi necess\u00e1ria ajuda do Corpo de Bombeiros para retirar os pacotes da droga.<\/p>\n<p>O combate ao tr\u00e1fico de drogas \u00e9 miss\u00e3o permanente da Pol\u00edcia Federal, que chegou a essas apreens\u00f5es por meio de investiga\u00e7\u00e3o e agora busca identificar seus vendedores e compradores.<\/p>\n<p>A apreens\u00e3o de sexta-feira foi diferente, realizada por meio de fiscaliza\u00e7\u00e3o de rotina do N\u00facleo de Pol\u00edcia Mar\u00edtima da PF, em um porto particular pr\u00f3ximo ao distrito de Icoaraci.<\/p>\n<p style=\"text-align: left;\" align=\"right\"><b>Comunica\u00e7\u00e3o Social da Pol\u00edcia Federal no Par\u00e1<\/b><\/p>\n","protected":false},"excerpt":{"rendered":"<p>Bel\u00e9m\/PA.\u00a0A Pol\u00edcia Federal apreendeu mais um carregamento com centenas de quilos de skunk, um tipo de maconha beneficiada em laborat\u00f3rio. O flagrante foi neste domingo (4\/2), em Bel\u00e9m, dentro de um caminh\u00e3o vindo de balsa de Manaus, com 240 quilos da droga. Dessa vez, a a\u00e7\u00e3o teve apoio do Corpo de Bombeiros e da Receita &hellip;<\/p>\n","protected":false},"author":1,"featured_media":109502,"comment_status":"open","ping_status":"open","sticky":false,"template":"","format":"standard","meta":{"footnotes":""},"categories":[13],"tags":[],"class_list":["post-121342","post","type-post","status-publish","format-standard","has-post-thumbnail","hentry","category-policial"],"_links":{"self":[{"href":"https:\/\/iparaiba.com.br\/index.php\/wp-json\/wp\/v2\/posts\/121342","targetHints":{"allow":["GET"]}}],"collection":[{"href":"https:\/\/iparaiba.com.br\/index.php\/wp-json\/wp\/v2\/posts"}],"about":[{"href":"https:\/\/iparaiba.com.br\/index.php\/wp-json\/wp\/v2\/types\/post"}],"author":[{"embeddable":true,"href":"https:\/\/iparaiba.com.br\/index.php\/wp-json\/wp\/v2\/users\/1"}],"replies":[{"embeddable":true,"href":"https:\/\/iparaiba.com.br\/index.php\/wp-json\/wp\/v2\/comments?post=121342"}],"version-history":[{"count":1,"href":"https:\/\/iparaiba.com.br\/index.php\/wp-json\/wp\/v2\/posts\/121342\/revisions"}],"predecessor-version":[{"id":121368,"href":"https:\/\/iparaiba.com.br\/index.php\/wp-json\/wp\/v2\/posts\/121342\/revisions\/121368"}],"wp:featuredmedia":[{"embeddable":true,"href":"https:\/\/iparaiba.com.br\/index.php\/wp-json\/wp\/v2\/media\/109502"}],"wp:attachment":[{"href":"https:\/\/iparaiba.com.br\/index.php\/wp-json\/wp\/v2\/media?parent=121342"}],"wp:term":[{"taxonomy":"category","embeddable":true,"href":"https:\/\/iparaiba.com.br\/index.php\/wp-json\/wp\/v2\/categories?post=121342"},{"taxonomy":"post_tag","embeddable":true,"href":"https:\/\/iparaiba.com.br\/index.php\/wp-json\/wp\/v2\/tags?post=121342"}],"curies":[{"name":"wp","href":"https:\/\/api.w.org\/{rel}","templated":true}]}}