{"id":121341,"date":"2024-02-07T06:00:53","date_gmt":"2024-02-07T09:00:53","guid":{"rendered":"https:\/\/onordeste.com.br\/?p=121337"},"modified":"2024-02-07T06:00:53","modified_gmt":"2024-02-07T09:00:53","slug":"supremo-reabre-ao-publico-exposicao-em-memoria-aos-ataques-de-8-1","status":"publish","type":"post","link":"https:\/\/iparaiba.com.br\/index.php\/2024\/02\/07\/supremo-reabre-ao-publico-exposicao-em-memoria-aos-ataques-de-8-1\/","title":{"rendered":"Supremo reabre ao p\u00fablico exposi\u00e7\u00e3o em mem\u00f3ria aos ataques de 8\/1"},"content":{"rendered":"<p>O Supremo Tribunal Federal (STF) reabrir\u00e1 para visita\u00e7\u00e3o, nesta sexta-feira (2) e na segunda-feira (5), a exposi\u00e7\u00e3o \u201cAp\u00f3s 8 de janeiro: Reconstru\u00e7\u00e3o, mem\u00f3ria e democracia\u201d. A mostra foi inaugurada pelo presidente da Corte, ministro Lu\u00eds Roberto Barroso, no \u00faltimo dia 8, em mem\u00f3ria aos atos antidemocr\u00e1ticos realizados contra as sedes dos Tr\u00eas Poderes no ano passado.<\/p>\n<p>Aberta ao p\u00fablico para visita\u00e7\u00e3o no dia seguinte (9), a exposi\u00e7\u00e3o recebeu mais de 300 de pessoas. A iniciativa \u00e9 voltada \u00e0 preserva\u00e7\u00e3o da mem\u00f3ria institucional do STF.<\/p>\n<p>O visitante poder\u00e1 ver cenas que simbolizam a resist\u00eancia do STF para reconstruir o Plen\u00e1rio vandalizado e retomar as atividades normais da Casa para a sess\u00e3o solene de abertura do Ano Judici\u00e1rio 2023, menos de um m\u00eas ap\u00f3s os atentados. Na mostra est\u00e3o representados todos os esfor\u00e7os das equipes envolvidas na reconstru\u00e7\u00e3o e restaura\u00e7\u00e3o do patrim\u00f4nio do Supremo.<\/p>\n<p>A exposi\u00e7\u00e3o traz ainda o projeto \u201cPontos de Mem\u00f3ria\u201d, implementado logo ap\u00f3s os atos antidemocr\u00e1ticos e que exibe pe\u00e7as danificadas, fragmentos decorrentes da viol\u00eancia e demais vest\u00edgios f\u00edsicos do ataque, instaladas em locais de maior circula\u00e7\u00e3o de pessoas.<\/p>\n<h5><b>Mudan\u00e7a<\/b><\/h5>\n<p>Ap\u00f3s esses dois dias de visita\u00e7\u00e3o, a exposi\u00e7\u00e3o ser\u00e1 levada ao Museu do STF, para mais um per\u00edodo de visita\u00e7\u00e3o, em data ainda n\u00e3o definida.<\/p>\n<p><b>Servi\u00e7o<br \/>\n<\/b>Exposi\u00e7\u00e3o: \u201cAp\u00f3s 8 de janeiro: Reconstru\u00e7\u00e3o, mem\u00f3ria e democracia\u201d;<br \/>\nVisita\u00e7\u00e3o aberta ao p\u00fablico: sexta-feira (2) e segunda-feira (5), das 13h \u00e0s 17h;<br \/>\nLocal: t\u00e9rreo do Edif\u00edcio-Sede do STF.<\/p>\n","protected":false},"excerpt":{"rendered":"<p>O Supremo Tribunal Federal (STF) reabrir\u00e1 para visita\u00e7\u00e3o, nesta sexta-feira (2) e na segunda-feira (5), a exposi\u00e7\u00e3o \u201cAp\u00f3s 8 de janeiro: Reconstru\u00e7\u00e3o, mem\u00f3ria e democracia\u201d. A mostra foi inaugurada pelo presidente da Corte, ministro Lu\u00eds Roberto Barroso, no \u00faltimo dia 8, em mem\u00f3ria aos atos antidemocr\u00e1ticos realizados contra as sedes dos Tr\u00eas Poderes no ano &hellip;<\/p>\n","protected":false},"author":1,"featured_media":107888,"comment_status":"open","ping_status":"open","sticky":false,"template":"","format":"standard","meta":{"footnotes":""},"categories":[9],"tags":[],"class_list":["post-121341","post","type-post","status-publish","format-standard","has-post-thumbnail","hentry","category-justica"],"_links":{"self":[{"href":"https:\/\/iparaiba.com.br\/index.php\/wp-json\/wp\/v2\/posts\/121341","targetHints":{"allow":["GET"]}}],"collection":[{"href":"https:\/\/iparaiba.com.br\/index.php\/wp-json\/wp\/v2\/posts"}],"about":[{"href":"https:\/\/iparaiba.com.br\/index.php\/wp-json\/wp\/v2\/types\/post"}],"author":[{"embeddable":true,"href":"https:\/\/iparaiba.com.br\/index.php\/wp-json\/wp\/v2\/users\/1"}],"replies":[{"embeddable":true,"href":"https:\/\/iparaiba.com.br\/index.php\/wp-json\/wp\/v2\/comments?post=121341"}],"version-history":[{"count":1,"href":"https:\/\/iparaiba.com.br\/index.php\/wp-json\/wp\/v2\/posts\/121341\/revisions"}],"predecessor-version":[{"id":121367,"href":"https:\/\/iparaiba.com.br\/index.php\/wp-json\/wp\/v2\/posts\/121341\/revisions\/121367"}],"wp:featuredmedia":[{"embeddable":true,"href":"https:\/\/iparaiba.com.br\/index.php\/wp-json\/wp\/v2\/media\/107888"}],"wp:attachment":[{"href":"https:\/\/iparaiba.com.br\/index.php\/wp-json\/wp\/v2\/media?parent=121341"}],"wp:term":[{"taxonomy":"category","embeddable":true,"href":"https:\/\/iparaiba.com.br\/index.php\/wp-json\/wp\/v2\/categories?post=121341"},{"taxonomy":"post_tag","embeddable":true,"href":"https:\/\/iparaiba.com.br\/index.php\/wp-json\/wp\/v2\/tags?post=121341"}],"curies":[{"name":"wp","href":"https:\/\/api.w.org\/{rel}","templated":true}]}}