{"id":121340,"date":"2024-02-06T18:31:05","date_gmt":"2024-02-06T21:31:05","guid":{"rendered":"https:\/\/onordeste.com.br\/?p=121335"},"modified":"2024-02-06T18:31:05","modified_gmt":"2024-02-06T21:31:05","slug":"pgr-questiona-no-stf-falta-de-regulamentacao-de-monitoramento-secreto-de-celulares-e-tablets","status":"publish","type":"post","link":"https:\/\/iparaiba.com.br\/index.php\/2024\/02\/06\/pgr-questiona-no-stf-falta-de-regulamentacao-de-monitoramento-secreto-de-celulares-e-tablets\/","title":{"rendered":"PGR questiona no STF falta de regulamenta\u00e7\u00e3o de monitoramento secreto de celulares e tablets"},"content":{"rendered":"<p>A Procuradoria-Geral da Rep\u00fablica (PGR) pede que o Supremo Tribunal Federal (STF) reconhe\u00e7a a omiss\u00e3o do Congresso Nacional por n\u00e3o regulamentar o uso de ferramentas de monitoramento secreto (softwares espi\u00f5es) de aparelhos de comunica\u00e7\u00e3o pessoal, como celulares e tablets, por \u00f3rg\u00e3os e agentes p\u00fablicos.<\/p>\n<p>Na A\u00e7\u00e3o Direta de Inconstitucionalidade por Omiss\u00e3o (ADO) 84, a PGR alega que novas ferramentas tecnol\u00f3gicas v\u00eam sendo utilizadas por servi\u00e7os de intelig\u00eancia e \u00f3rg\u00e3os de repress\u00e3o estatais para vigil\u00e2ncia remota e invasiva desses dispositivos m\u00f3veis, sob o pretexto de combate ao terrorismo e ao crime organizado.<\/p>\n<h5><b>Infiltra\u00e7\u00e3o remota<\/b><\/h5>\n<p>Segundo o \u00f3rg\u00e3o, apesar de avan\u00e7os na legisla\u00e7\u00e3o para proteger a intimidade, a vida privada e a inviolabilidade do sigilo das comunica\u00e7\u00f5es pessoais, como o Marco Civil da Internet e a Lei Geral de Prote\u00e7\u00e3o de Dados Pessoais (LGPD), ainda n\u00e3o h\u00e1 uma regulamenta\u00e7\u00e3o sobre programas de infiltra\u00e7\u00e3o virtual remota.<\/p>\n<h5><b>Autoriza\u00e7\u00e3o judicial<\/b><\/h5>\n<p>Na avalia\u00e7\u00e3o da PGR, esses instrumentos podem ser eficazes no combate \u00e0 criminalidade, mas sua utiliza\u00e7\u00e3o deve observar os princ\u00edpios constitucionais, com autoriza\u00e7\u00e3o judicial pr\u00e9via para a obten\u00e7\u00e3o dos dados pessoais dos investigados.<\/p>\n<h5><b>Regras provis\u00f3rias<\/b><\/h5>\n<p>O \u00f3rg\u00e3o pede que o STF estabele\u00e7a regras provis\u00f3rias para proteger os direitos fundamentais \u00e0 intimidade, \u00e0 privacidade e \u00e0 inviolabilidade do sigilo das comunica\u00e7\u00f5es pessoais e de dados at\u00e9 que o Congresso Nacional aprove lei sobre o assunto.<\/p>\n<p>A a\u00e7\u00e3o foi distribu\u00edda ao ministro Cristiano Zanin.<\/p>\n<p>RP\/\/CF<\/p>\n<ul class=\"pull-right list-group\">\n<li class=\"list-group-item\">\n<h4>Processo relacionado:\u00a0<a href=\"https:\/\/portal.stf.jus.br\/processos\/detalhe.asp?incidente=6816879\">ADO\u00a084<\/a><\/h4>\n<\/li>\n<\/ul>\n","protected":false},"excerpt":{"rendered":"<p>A Procuradoria-Geral da Rep\u00fablica (PGR) pede que o Supremo Tribunal Federal (STF) reconhe\u00e7a a omiss\u00e3o do Congresso Nacional por n\u00e3o regulamentar o uso de ferramentas de monitoramento secreto (softwares espi\u00f5es) de aparelhos de comunica\u00e7\u00e3o pessoal, como celulares e tablets, por \u00f3rg\u00e3os e agentes p\u00fablicos. Na A\u00e7\u00e3o Direta de Inconstitucionalidade por Omiss\u00e3o (ADO) 84, a PGR &hellip;<\/p>\n","protected":false},"author":1,"featured_media":107952,"comment_status":"open","ping_status":"open","sticky":false,"template":"","format":"standard","meta":{"footnotes":""},"categories":[9],"tags":[],"class_list":["post-121340","post","type-post","status-publish","format-standard","has-post-thumbnail","hentry","category-justica"],"_links":{"self":[{"href":"https:\/\/iparaiba.com.br\/index.php\/wp-json\/wp\/v2\/posts\/121340","targetHints":{"allow":["GET"]}}],"collection":[{"href":"https:\/\/iparaiba.com.br\/index.php\/wp-json\/wp\/v2\/posts"}],"about":[{"href":"https:\/\/iparaiba.com.br\/index.php\/wp-json\/wp\/v2\/types\/post"}],"author":[{"embeddable":true,"href":"https:\/\/iparaiba.com.br\/index.php\/wp-json\/wp\/v2\/users\/1"}],"replies":[{"embeddable":true,"href":"https:\/\/iparaiba.com.br\/index.php\/wp-json\/wp\/v2\/comments?post=121340"}],"version-history":[{"count":1,"href":"https:\/\/iparaiba.com.br\/index.php\/wp-json\/wp\/v2\/posts\/121340\/revisions"}],"predecessor-version":[{"id":121366,"href":"https:\/\/iparaiba.com.br\/index.php\/wp-json\/wp\/v2\/posts\/121340\/revisions\/121366"}],"wp:featuredmedia":[{"embeddable":true,"href":"https:\/\/iparaiba.com.br\/index.php\/wp-json\/wp\/v2\/media\/107952"}],"wp:attachment":[{"href":"https:\/\/iparaiba.com.br\/index.php\/wp-json\/wp\/v2\/media?parent=121340"}],"wp:term":[{"taxonomy":"category","embeddable":true,"href":"https:\/\/iparaiba.com.br\/index.php\/wp-json\/wp\/v2\/categories?post=121340"},{"taxonomy":"post_tag","embeddable":true,"href":"https:\/\/iparaiba.com.br\/index.php\/wp-json\/wp\/v2\/tags?post=121340"}],"curies":[{"name":"wp","href":"https:\/\/api.w.org\/{rel}","templated":true}]}}