{"id":121339,"date":"2024-02-06T16:00:21","date_gmt":"2024-02-06T19:00:21","guid":{"rendered":"https:\/\/onordeste.com.br\/?p=121333"},"modified":"2024-02-06T16:00:21","modified_gmt":"2024-02-06T19:00:21","slug":"stf-pede-informacoes-ao-congresso-sobre-regulamentacao-do-uso-de-ferramentas-de-monitoramento","status":"publish","type":"post","link":"https:\/\/iparaiba.com.br\/index.php\/2024\/02\/06\/stf-pede-informacoes-ao-congresso-sobre-regulamentacao-do-uso-de-ferramentas-de-monitoramento\/","title":{"rendered":"STF pede informa\u00e7\u00f5es ao Congresso sobre regulamenta\u00e7\u00e3o do uso de ferramentas de monitoramento"},"content":{"rendered":"<p>O ministro Cristiano Zanin, do Supremo Tribunal Federal (STF), abriu prazo de dez dias para que o Congresso Nacional preste informa\u00e7\u00f5es sobre a regulamenta\u00e7\u00e3o do uso de ferramentas de monitoramento secreto (<i>softwares\u00a0<\/i>espi\u00f5es) de aparelhos de comunica\u00e7\u00e3o pessoal, como celulares e\u00a0<i>tablets<\/i>, por \u00f3rg\u00e3os e agentes p\u00fablicos.<\/p>\n<p>O pedido de informa\u00e7\u00f5es \u00e9 medida de praxe, prevista em lei, e visa subsidiar o relator na an\u00e1lise da A\u00e7\u00e3o Direta de Inconstitucionalidade por Omiss\u00e3o (ADO) 84, proposta pela Procuradoria-Geral da Rep\u00fablica (PGR). O ministro aplicou ao caso o rito previsto no artigo 12 da Lei das ADIs (Lei 9.868\/1999), que autoriza o julgamento da a\u00e7\u00e3o, pelo Plen\u00e1rio, diretamente no m\u00e9rito.<\/p>\n<h5><b>Regulamenta\u00e7\u00e3o<\/b><\/h5>\n<p>Na a\u00e7\u00e3o, a PGR afirma que, apesar de avan\u00e7os na legisla\u00e7\u00e3o para proteger a intimidade, a vida privada e a inviolabilidade do sigilo das comunica\u00e7\u00f5es pessoais, como o Marco Civil da Internet e a Lei Geral de Prote\u00e7\u00e3o de Dados Pessoais (LGPD), ainda n\u00e3o h\u00e1 uma regulamenta\u00e7\u00e3o sobre programas de infiltra\u00e7\u00e3o virtual remota.<\/p>\n<p>Assim, pede que o STF fixe prazo razo\u00e1vel para que o Congresso Nacional edite norma para regulamentar a mat\u00e9ria, bem como estabele\u00e7a regras provis\u00f3rias para proteger os direitos fundamentais \u00e0 intimidade, \u00e0 privacidade e \u00e0 inviolabilidade do sigilo das comunica\u00e7\u00f5es pessoais e de dados at\u00e9 a aprova\u00e7\u00e3o de lei sobre o assunto.<\/p>\n<p>Ap\u00f3s o recebimento das informa\u00e7\u00f5es, a Advocacia-Geral da Uni\u00e3o (AGU) e a Procuradoria-Geral da Rep\u00fablica (PGR) ter\u00e3o, sucessivamente, prazo de cinco dias para se manifestar.<\/p>\n<p>Leia a\u00a0<a href=\"http:\/\/www.stf.jus.br\/arquivo\/cms\/noticiaNoticiaStf\/anexo\/DecisoADO841.pdf\" target=\"_blank\" rel=\"noopener\">\u00edntegra da decis\u00e3o<\/a>.<\/p>\n","protected":false},"excerpt":{"rendered":"<p>O ministro Cristiano Zanin, do Supremo Tribunal Federal (STF), abriu prazo de dez dias para que o Congresso Nacional preste informa\u00e7\u00f5es sobre a regulamenta\u00e7\u00e3o do uso de ferramentas de monitoramento secreto (softwares\u00a0espi\u00f5es) de aparelhos de comunica\u00e7\u00e3o pessoal, como celulares e\u00a0tablets, por \u00f3rg\u00e3os e agentes p\u00fablicos. O pedido de informa\u00e7\u00f5es \u00e9 medida de praxe, prevista em &hellip;<\/p>\n","protected":false},"author":1,"featured_media":97440,"comment_status":"open","ping_status":"open","sticky":false,"template":"","format":"standard","meta":{"footnotes":""},"categories":[9],"tags":[],"class_list":["post-121339","post","type-post","status-publish","format-standard","has-post-thumbnail","hentry","category-justica"],"_links":{"self":[{"href":"https:\/\/iparaiba.com.br\/index.php\/wp-json\/wp\/v2\/posts\/121339","targetHints":{"allow":["GET"]}}],"collection":[{"href":"https:\/\/iparaiba.com.br\/index.php\/wp-json\/wp\/v2\/posts"}],"about":[{"href":"https:\/\/iparaiba.com.br\/index.php\/wp-json\/wp\/v2\/types\/post"}],"author":[{"embeddable":true,"href":"https:\/\/iparaiba.com.br\/index.php\/wp-json\/wp\/v2\/users\/1"}],"replies":[{"embeddable":true,"href":"https:\/\/iparaiba.com.br\/index.php\/wp-json\/wp\/v2\/comments?post=121339"}],"version-history":[{"count":1,"href":"https:\/\/iparaiba.com.br\/index.php\/wp-json\/wp\/v2\/posts\/121339\/revisions"}],"predecessor-version":[{"id":121365,"href":"https:\/\/iparaiba.com.br\/index.php\/wp-json\/wp\/v2\/posts\/121339\/revisions\/121365"}],"wp:featuredmedia":[{"embeddable":true,"href":"https:\/\/iparaiba.com.br\/index.php\/wp-json\/wp\/v2\/media\/97440"}],"wp:attachment":[{"href":"https:\/\/iparaiba.com.br\/index.php\/wp-json\/wp\/v2\/media?parent=121339"}],"wp:term":[{"taxonomy":"category","embeddable":true,"href":"https:\/\/iparaiba.com.br\/index.php\/wp-json\/wp\/v2\/categories?post=121339"},{"taxonomy":"post_tag","embeddable":true,"href":"https:\/\/iparaiba.com.br\/index.php\/wp-json\/wp\/v2\/tags?post=121339"}],"curies":[{"name":"wp","href":"https:\/\/api.w.org\/{rel}","templated":true}]}}