{"id":121338,"date":"2024-02-06T14:00:51","date_gmt":"2024-02-06T17:00:51","guid":{"rendered":"https:\/\/onordeste.com.br\/?p=121331"},"modified":"2024-02-06T14:00:51","modified_gmt":"2024-02-06T17:00:51","slug":"relator-pede-investigacao-sobre-acordo-entre-mpf-e-transparencia-internacional-na-operacao-lava-jato","status":"publish","type":"post","link":"https:\/\/iparaiba.com.br\/index.php\/2024\/02\/06\/relator-pede-investigacao-sobre-acordo-entre-mpf-e-transparencia-internacional-na-operacao-lava-jato\/","title":{"rendered":"Relator pede investiga\u00e7\u00e3o sobre acordo entre MPF e Transpar\u00eancia Internacional na Opera\u00e7\u00e3o Lava-Jato"},"content":{"rendered":"<p>O ministro Dias Toffoli, do Supremo Tribunal Federal (STF), determinou que a Procuradoria-Geral da Rep\u00fablica (PGR) encaminhe ao seu gabinete as investiga\u00e7\u00f5es em curso no Minist\u00e9rio P\u00fablico Federal (MPF) sobre o acordo entre a for\u00e7a-tarefa da Opera\u00e7\u00e3o Lava-Jato e a Transpar\u00eancia Internacional. Ele tamb\u00e9m solicitou o envio dos procedimentos em rela\u00e7\u00e3o ao acordo de leni\u00eancia firmado entre o MPF e a holding J&amp;F.<\/p>\n<p>O ministro ainda ordenou que os documentos sejam repassados ao Tribunal de Contas da Uni\u00e3o (TCU) e \u00e0 Controladoria-Geral da Uni\u00e3o (CGU). \u201cTal provid\u00eancia faz-se necess\u00e1ria especialmente para investigar eventual apropria\u00e7\u00e3o indevida de recursos p\u00fablicos por parte da Transpar\u00eancia Internacional e seus respectivos respons\u00e1veis, sejam pessoas p\u00fablicas ou privadas\u201d, afirmou.<\/p>\n<p><b>Sem fiscaliza\u00e7\u00e3o<\/b><br \/>\nSegundo o ministro, \u201cfatos grav\u00edssimos\u201d n\u00e3o passaram pelo crivo do Poder Judici\u00e1rio e do TCU. Isso porque o MPF, desde 2014, firmou parceria com a Transpar\u00eancia Internacional, organiza\u00e7\u00e3o n\u00e3o governamental (ONG) sediada em Berlim (Alemanha), para desenvolver a\u00e7\u00f5es genericamente apontadas como \u201ccombate \u00e0 corrup\u00e7\u00e3o\u201d.<\/p>\n<p>Em 2017, foi celebrado acordo de leni\u00eancia entre o MPF e a empresa J&amp;F, posteriormente modificado, no qual foi pactuado o pagamento de R$ 10,3 bilh\u00f5es a t\u00edtulo de ressarcimento, dos quais R$ 8 bilh\u00f5es destinados a entidades individualmente lesadas e R$ 2,3 bilh\u00f5es destinados \u00e0 execu\u00e7\u00e3o de projetos nas \u00e1reas da educa\u00e7\u00e3o, sa\u00fade, meio ambiente, pesquisa e cultura. De acordo com o ministro Toffoli, por acordo com o MPF, a Transpar\u00eancia Internacional ficaria respons\u00e1vel pela gest\u00e3o dos R$ 2,3 bilh\u00f5es.<\/p>\n<p><b>Recursos p\u00fablicos<\/b><br \/>\nEle destacou que, no \u00e2mbito da Argui\u00e7\u00e3o de Descumprimento de Preceito Fundamental (ADPF) 568, o STF registrou ser \u201cduvidosa a legalidade de previs\u00e3o da cria\u00e7\u00e3o e constitui\u00e7\u00e3o de funda\u00e7\u00e3o privada para gerir recursos derivados de pagamento de multa \u00e0s autoridades brasileiras, cujo valor, ao ingressar nos cofres p\u00fablicos da Uni\u00e3o, tornar-se-ia, igualmente, p\u00fablico, e cuja destina\u00e7\u00e3o a uma espec\u00edfica a\u00e7\u00e3o governamental depender\u00e1 de lei or\u00e7ament\u00e1ria editada pelo Congresso Nacional, em conformidade com os princ\u00edpios da unidade e universalidade or\u00e7ament\u00e1rias\u201d.<\/p>\n<p>A decis\u00e3o se deu na Peti\u00e7\u00e3o (PET) 12061.<\/p>\n<p><a href=\"http:\/\/www.stf.jus.br\/arquivo\/cms\/noticiaNoticiaStf\/anexo\/PET12061.pdf\">Leia a \u00edntegra<\/a>.<\/p>\n","protected":false},"excerpt":{"rendered":"<p>O ministro Dias Toffoli, do Supremo Tribunal Federal (STF), determinou que a Procuradoria-Geral da Rep\u00fablica (PGR) encaminhe ao seu gabinete as investiga\u00e7\u00f5es em curso no Minist\u00e9rio P\u00fablico Federal (MPF) sobre o acordo entre a for\u00e7a-tarefa da Opera\u00e7\u00e3o Lava-Jato e a Transpar\u00eancia Internacional. Ele tamb\u00e9m solicitou o envio dos procedimentos em rela\u00e7\u00e3o ao acordo de leni\u00eancia &hellip;<\/p>\n","protected":false},"author":1,"featured_media":97419,"comment_status":"open","ping_status":"open","sticky":false,"template":"","format":"standard","meta":{"footnotes":""},"categories":[10],"tags":[],"class_list":["post-121338","post","type-post","status-publish","format-standard","has-post-thumbnail","hentry","category-manchetes"],"_links":{"self":[{"href":"https:\/\/iparaiba.com.br\/index.php\/wp-json\/wp\/v2\/posts\/121338","targetHints":{"allow":["GET"]}}],"collection":[{"href":"https:\/\/iparaiba.com.br\/index.php\/wp-json\/wp\/v2\/posts"}],"about":[{"href":"https:\/\/iparaiba.com.br\/index.php\/wp-json\/wp\/v2\/types\/post"}],"author":[{"embeddable":true,"href":"https:\/\/iparaiba.com.br\/index.php\/wp-json\/wp\/v2\/users\/1"}],"replies":[{"embeddable":true,"href":"https:\/\/iparaiba.com.br\/index.php\/wp-json\/wp\/v2\/comments?post=121338"}],"version-history":[{"count":1,"href":"https:\/\/iparaiba.com.br\/index.php\/wp-json\/wp\/v2\/posts\/121338\/revisions"}],"predecessor-version":[{"id":121364,"href":"https:\/\/iparaiba.com.br\/index.php\/wp-json\/wp\/v2\/posts\/121338\/revisions\/121364"}],"wp:featuredmedia":[{"embeddable":true,"href":"https:\/\/iparaiba.com.br\/index.php\/wp-json\/wp\/v2\/media\/97419"}],"wp:attachment":[{"href":"https:\/\/iparaiba.com.br\/index.php\/wp-json\/wp\/v2\/media?parent=121338"}],"wp:term":[{"taxonomy":"category","embeddable":true,"href":"https:\/\/iparaiba.com.br\/index.php\/wp-json\/wp\/v2\/categories?post=121338"},{"taxonomy":"post_tag","embeddable":true,"href":"https:\/\/iparaiba.com.br\/index.php\/wp-json\/wp\/v2\/tags?post=121338"}],"curies":[{"name":"wp","href":"https:\/\/api.w.org\/{rel}","templated":true}]}}