{"id":121335,"date":"2024-02-06T08:00:30","date_gmt":"2024-02-06T11:00:30","guid":{"rendered":"https:\/\/onordeste.com.br\/?p=121325"},"modified":"2024-02-06T08:00:30","modified_gmt":"2024-02-06T11:00:30","slug":"saude-divulga-informe-tecnico-sobre-a-vacinacao-contra-a-dengue","status":"publish","type":"post","link":"https:\/\/iparaiba.com.br\/index.php\/2024\/02\/06\/saude-divulga-informe-tecnico-sobre-a-vacinacao-contra-a-dengue\/","title":{"rendered":"Sa\u00fade divulga informe t\u00e9cnico sobre a vacina\u00e7\u00e3o contra a dengue"},"content":{"rendered":"<p>A Secretaria de Estado da Sa\u00fade (SES) divulgou informe t\u00e9cnico sobre a incorpora\u00e7\u00e3o da vacina contra a dengue no Sistema \u00danico de Sa\u00fade (SE). O documento traz os detalhes t\u00e9cnicos do imunizante, efic\u00e1cia e seguran\u00e7a, al\u00e9m do esquema vacinal proposto pelo Minist\u00e9rio da Sa\u00fade.<\/p>\n<p>De acordo com a chefe do N\u00facleo de Imuniza\u00e7\u00f5es da SES, M\u00e1rcia Mayara, o p\u00fablico-alvo para receber a vacina \u00e9 o de crian\u00e7as e adolescentes entre 10 e 14 anos. Ela explica que a faixa et\u00e1ria foi eleita como o melhor cen\u00e1rio para iniciar a vacina\u00e7\u00e3o por apresentar uma alta taxa de hospitaliza\u00e7\u00e3o no pa\u00eds.<\/p>\n<p>Para a distribui\u00e7\u00e3o das doses, foram selecionados os munic\u00edpios de grande porte (popula\u00e7\u00e3o maior ou igual a 100 mil habitantes) com alta transmiss\u00e3o de dengue nos \u00faltimos 10 anos, incluindo os demais munic\u00edpios das suas regi\u00f5es de sa\u00fade de abrang\u00eancia, independentemente do porte populacional, ordenados pela predomin\u00e2ncia do sorotipo DENV-2 (reemerg\u00eancia recente).<\/p>\n<p>\u201cPara a distribui\u00e7\u00e3o das doses, o Minist\u00e9rio da Sa\u00fade elaborou um ranking com os munic\u00edpios que ser\u00e3o contemplados com a vacina neste primeiro momento. O imunizante ser\u00e1 distribu\u00eddo de acordo com a disponibiliza\u00e7\u00e3o de doses pelo laborat\u00f3rio. O Minist\u00e9rio da Sa\u00fade inicia a distribui\u00e7\u00e3o na pr\u00f3xima semana. Mas, at\u00e9 o momento, n\u00e3o temos confirma\u00e7\u00e3o da data que as doses chegar\u00e3o na Para\u00edba e nem a quantidade\u201d, pontuou.<\/p>\n<p>O esquema vacinal recomendado corresponde \u00e0 administra\u00e7\u00e3o de duas doses, com intervalo de tr\u00eas meses entre elas. Ap\u00f3s infec\u00e7\u00e3o pelo v\u00edrus da dengue \u00e9 recomendado aguardar seis meses para o in\u00edcio do esquema vacinal com a vacina dengue (atenuada). Caso a infec\u00e7\u00e3o ocorra ap\u00f3s o in\u00edcio do esquema, n\u00e3o h\u00e1 altera\u00e7\u00e3o no intervalo entre D1 e D2, desde que a D2 n\u00e3o seja realizada com o per\u00edodo inferior a 30 dias do in\u00edcio da doen\u00e7a.<\/p>\n<p>A SES refor\u00e7a que a principal medida de controle e preven\u00e7\u00e3o da transmiss\u00e3o de dengue \u00e9 o controle vetorial. A incorpora\u00e7\u00e3o da vacina dengue (atenuada) no SUS soma-se \u00e0s demais a\u00e7\u00f5es de controle e preven\u00e7\u00e3o de dengue. Todas as a\u00e7\u00f5es em conjunto promovem a redu\u00e7\u00e3o da incid\u00eancia, hospitaliza\u00e7\u00e3o e mortes por dengue no Brasil. Por ser uma medida adicional \u00e0s demais a\u00e7\u00f5es existentes para o controle e preven\u00e7\u00e3o de dengue, todos os cuidados individuais e comunit\u00e1rios que visam o controle da prolifera\u00e7\u00e3o do vetor Aedes aegypti, transmissor de dengue e de outros arbov\u00edrus, devem ser mantidos.<\/p>\n","protected":false},"excerpt":{"rendered":"<p>A Secretaria de Estado da Sa\u00fade (SES) divulgou informe t\u00e9cnico sobre a incorpora\u00e7\u00e3o da vacina contra a dengue no Sistema \u00danico de Sa\u00fade (SE). O documento traz os detalhes t\u00e9cnicos do imunizante, efic\u00e1cia e seguran\u00e7a, al\u00e9m do esquema vacinal proposto pelo Minist\u00e9rio da Sa\u00fade. De acordo com a chefe do N\u00facleo de Imuniza\u00e7\u00f5es da SES, &hellip;<\/p>\n","protected":false},"author":1,"featured_media":98003,"comment_status":"open","ping_status":"open","sticky":false,"template":"","format":"standard","meta":{"footnotes":""},"categories":[2],"tags":[],"class_list":["post-121335","post","type-post","status-publish","format-standard","has-post-thumbnail","hentry","category-saude"],"_links":{"self":[{"href":"https:\/\/iparaiba.com.br\/index.php\/wp-json\/wp\/v2\/posts\/121335","targetHints":{"allow":["GET"]}}],"collection":[{"href":"https:\/\/iparaiba.com.br\/index.php\/wp-json\/wp\/v2\/posts"}],"about":[{"href":"https:\/\/iparaiba.com.br\/index.php\/wp-json\/wp\/v2\/types\/post"}],"author":[{"embeddable":true,"href":"https:\/\/iparaiba.com.br\/index.php\/wp-json\/wp\/v2\/users\/1"}],"replies":[{"embeddable":true,"href":"https:\/\/iparaiba.com.br\/index.php\/wp-json\/wp\/v2\/comments?post=121335"}],"version-history":[{"count":1,"href":"https:\/\/iparaiba.com.br\/index.php\/wp-json\/wp\/v2\/posts\/121335\/revisions"}],"predecessor-version":[{"id":121361,"href":"https:\/\/iparaiba.com.br\/index.php\/wp-json\/wp\/v2\/posts\/121335\/revisions\/121361"}],"wp:featuredmedia":[{"embeddable":true,"href":"https:\/\/iparaiba.com.br\/index.php\/wp-json\/wp\/v2\/media\/98003"}],"wp:attachment":[{"href":"https:\/\/iparaiba.com.br\/index.php\/wp-json\/wp\/v2\/media?parent=121335"}],"wp:term":[{"taxonomy":"category","embeddable":true,"href":"https:\/\/iparaiba.com.br\/index.php\/wp-json\/wp\/v2\/categories?post=121335"},{"taxonomy":"post_tag","embeddable":true,"href":"https:\/\/iparaiba.com.br\/index.php\/wp-json\/wp\/v2\/tags?post=121335"}],"curies":[{"name":"wp","href":"https:\/\/api.w.org\/{rel}","templated":true}]}}