{"id":121333,"date":"2024-02-05T19:00:45","date_gmt":"2024-02-05T22:00:45","guid":{"rendered":"https:\/\/onordeste.com.br\/?p=121320"},"modified":"2024-02-05T19:00:45","modified_gmt":"2024-02-05T22:00:45","slug":"campina-grande-retoma-atividades-parlamentares","status":"publish","type":"post","link":"https:\/\/iparaiba.com.br\/index.php\/2024\/02\/05\/campina-grande-retoma-atividades-parlamentares\/","title":{"rendered":"Campina Grande retoma atividades parlamentares"},"content":{"rendered":"<p>De acordo com a legisla\u00e7\u00e3o vigente, as casas legislativas est\u00e3o iniciando os trabalhos em plen\u00e1rio, marcando o \u00faltimo ano de legislatura para as c\u00e2maras municipais. Em sintonia com esse movimento, Campina Grande retorna \u00e0s atividades parlamentares e realiza a 1\u00aa Sess\u00e3o Ordin\u00e1ria da 4\u00aa Sess\u00e3o Legislativa da 18\u00aa Legislatura nesta ter\u00e7a-feira, dia 6 de fevereiro, \u00e0s 9h30.<\/p>\n<p>A cidade aguarda pela presen\u00e7a do prefeito Bruno Cunha Lima, para a abertura dos trabalhos. O Poder Legislativo campinense planeja que, durante a sess\u00e3o, o prefeito apresente um balan\u00e7o das a\u00e7\u00f5es realizadas de 2021 a 2023, al\u00e9m de compartilhar as proje\u00e7\u00f5es para o ano de 2024.<\/p>\n","protected":false},"excerpt":{"rendered":"<p>De acordo com a legisla\u00e7\u00e3o vigente, as casas legislativas est\u00e3o iniciando os trabalhos em plen\u00e1rio, marcando o \u00faltimo ano de legislatura para as c\u00e2maras municipais. Em sintonia com esse movimento, Campina Grande retorna \u00e0s atividades parlamentares e realiza a 1\u00aa Sess\u00e3o Ordin\u00e1ria da 4\u00aa Sess\u00e3o Legislativa da 18\u00aa Legislatura nesta ter\u00e7a-feira, dia 6 de fevereiro, &hellip;<\/p>\n","protected":false},"author":1,"featured_media":115500,"comment_status":"open","ping_status":"open","sticky":false,"template":"","format":"standard","meta":{"footnotes":""},"categories":[8],"tags":[],"class_list":["post-121333","post","type-post","status-publish","format-standard","has-post-thumbnail","hentry","category-politica"],"_links":{"self":[{"href":"https:\/\/iparaiba.com.br\/index.php\/wp-json\/wp\/v2\/posts\/121333","targetHints":{"allow":["GET"]}}],"collection":[{"href":"https:\/\/iparaiba.com.br\/index.php\/wp-json\/wp\/v2\/posts"}],"about":[{"href":"https:\/\/iparaiba.com.br\/index.php\/wp-json\/wp\/v2\/types\/post"}],"author":[{"embeddable":true,"href":"https:\/\/iparaiba.com.br\/index.php\/wp-json\/wp\/v2\/users\/1"}],"replies":[{"embeddable":true,"href":"https:\/\/iparaiba.com.br\/index.php\/wp-json\/wp\/v2\/comments?post=121333"}],"version-history":[{"count":1,"href":"https:\/\/iparaiba.com.br\/index.php\/wp-json\/wp\/v2\/posts\/121333\/revisions"}],"predecessor-version":[{"id":121359,"href":"https:\/\/iparaiba.com.br\/index.php\/wp-json\/wp\/v2\/posts\/121333\/revisions\/121359"}],"wp:featuredmedia":[{"embeddable":true,"href":"https:\/\/iparaiba.com.br\/index.php\/wp-json\/wp\/v2\/media\/115500"}],"wp:attachment":[{"href":"https:\/\/iparaiba.com.br\/index.php\/wp-json\/wp\/v2\/media?parent=121333"}],"wp:term":[{"taxonomy":"category","embeddable":true,"href":"https:\/\/iparaiba.com.br\/index.php\/wp-json\/wp\/v2\/categories?post=121333"},{"taxonomy":"post_tag","embeddable":true,"href":"https:\/\/iparaiba.com.br\/index.php\/wp-json\/wp\/v2\/tags?post=121333"}],"curies":[{"name":"wp","href":"https:\/\/api.w.org\/{rel}","templated":true}]}}