{"id":121332,"date":"2024-02-05T17:00:39","date_gmt":"2024-02-05T20:00:39","guid":{"rendered":"https:\/\/onordeste.com.br\/?p=121318"},"modified":"2024-02-05T17:00:39","modified_gmt":"2024-02-05T20:00:39","slug":"lei-garante-acolhida-de-criancas-orfas-por-crime-de-feminicidio","status":"publish","type":"post","link":"https:\/\/iparaiba.com.br\/index.php\/2024\/02\/05\/lei-garante-acolhida-de-criancas-orfas-por-crime-de-feminicidio\/","title":{"rendered":"Lei garante acolhida de crian\u00e7as \u00f3rf\u00e3s por crime de feminic\u00eddio"},"content":{"rendered":"<p style=\"font-weight: 400;\">Aprovada na C\u00e2mara Municipal de Jo\u00e3o Pessoa (CMJP) e sancionada pelo prefeito C\u00edcero Lucena em 2023, a Lei\u00a0<a href=\"https:\/\/sapl.joaopessoa.pb.leg.br\/media\/sapl\/public\/normajuridica\/2023\/19576\/lei_no_14907-2023.pdf\" data-saferedirecturl=\"https:\/\/www.google.com\/url?q=https:\/\/sapl.joaopessoa.pb.leg.br\/media\/sapl\/public\/normajuridica\/2023\/19576\/lei_no_14907-2023.pdf&amp;source=gmail&amp;ust=1707234694814000&amp;usg=AOvVaw2LKx4o-WgzLCLlRpiEB-qS\">14.907<\/a>\u00a0institui a Rede Municipal de Acolhida e Prote\u00e7\u00e3o \u00e0s Crian\u00e7as \u00d3rf\u00e3s do feminic\u00eddio e v\u00edtimas de viol\u00eancia dom\u00e9stica na Capital paraibana. De autoria da suplente de vereadora Fab\u00edola Rezende (PSB), a medida tem por finalidade dar tratamento humanizado \u00e0s crian\u00e7as que perderam a m\u00e3e pelo crime do feminic\u00eddio.<\/p>\n<p style=\"font-weight: 400;\">A lei estabelece que sejam inclu\u00eddas nesse atendimento as crian\u00e7as que sofrem de forma direta e indireta, no seu ambiente familiar, pela viol\u00eancia sofrida por sua m\u00e3e, conforme prev\u00ea a Lei Maria da Penha. Para os fins da lei, considera-se \u00f3rf\u00e3 ou \u00f3rf\u00e3o do feminic\u00eddio as crian\u00e7as e adolescentes dependentes de mulheres assassinadas em contexto de viol\u00eancia dom\u00e9stica e familiar, ou de flagrante menosprezo por sua condi\u00e7\u00e3o de mulher.<\/p>\n<p style=\"font-weight: 400;\">De acordo com a norma, al\u00e9m da garantia da prote\u00e7\u00e3o legal e priorit\u00e1ria prevista nos direito da crian\u00e7a e do adolescente, assim como pela Rede de Prote\u00e7\u00e3o \u00e0s Mulheres em Situa\u00e7\u00e3o de Viol\u00eancia do Munic\u00edpio, as crian\u00e7as \u00f3rf\u00e3s do feminic\u00eddio e viol\u00eancia dom\u00e9stica ter\u00e3o prioridade em atendimento psicossocial nos Centros de Refer\u00eancias Especializados em Assist\u00eancia Social (Creas).<\/p>\n<p>CMJP<\/p>\n","protected":false},"excerpt":{"rendered":"<p>Aprovada na C\u00e2mara Municipal de Jo\u00e3o Pessoa (CMJP) e sancionada pelo prefeito C\u00edcero Lucena em 2023, a Lei\u00a014.907\u00a0institui a Rede Municipal de Acolhida e Prote\u00e7\u00e3o \u00e0s Crian\u00e7as \u00d3rf\u00e3s do feminic\u00eddio e v\u00edtimas de viol\u00eancia dom\u00e9stica na Capital paraibana. De autoria da suplente de vereadora Fab\u00edola Rezende (PSB), a medida tem por finalidade dar tratamento humanizado &hellip;<\/p>\n","protected":false},"author":1,"featured_media":110487,"comment_status":"open","ping_status":"open","sticky":false,"template":"","format":"standard","meta":{"footnotes":""},"categories":[15],"tags":[],"class_list":["post-121332","post","type-post","status-publish","format-standard","has-post-thumbnail","hentry","category-links"],"_links":{"self":[{"href":"https:\/\/iparaiba.com.br\/index.php\/wp-json\/wp\/v2\/posts\/121332","targetHints":{"allow":["GET"]}}],"collection":[{"href":"https:\/\/iparaiba.com.br\/index.php\/wp-json\/wp\/v2\/posts"}],"about":[{"href":"https:\/\/iparaiba.com.br\/index.php\/wp-json\/wp\/v2\/types\/post"}],"author":[{"embeddable":true,"href":"https:\/\/iparaiba.com.br\/index.php\/wp-json\/wp\/v2\/users\/1"}],"replies":[{"embeddable":true,"href":"https:\/\/iparaiba.com.br\/index.php\/wp-json\/wp\/v2\/comments?post=121332"}],"version-history":[{"count":1,"href":"https:\/\/iparaiba.com.br\/index.php\/wp-json\/wp\/v2\/posts\/121332\/revisions"}],"predecessor-version":[{"id":121358,"href":"https:\/\/iparaiba.com.br\/index.php\/wp-json\/wp\/v2\/posts\/121332\/revisions\/121358"}],"wp:featuredmedia":[{"embeddable":true,"href":"https:\/\/iparaiba.com.br\/index.php\/wp-json\/wp\/v2\/media\/110487"}],"wp:attachment":[{"href":"https:\/\/iparaiba.com.br\/index.php\/wp-json\/wp\/v2\/media?parent=121332"}],"wp:term":[{"taxonomy":"category","embeddable":true,"href":"https:\/\/iparaiba.com.br\/index.php\/wp-json\/wp\/v2\/categories?post=121332"},{"taxonomy":"post_tag","embeddable":true,"href":"https:\/\/iparaiba.com.br\/index.php\/wp-json\/wp\/v2\/tags?post=121332"}],"curies":[{"name":"wp","href":"https:\/\/api.w.org\/{rel}","templated":true}]}}