{"id":121331,"date":"2024-02-05T15:00:31","date_gmt":"2024-02-05T18:00:31","guid":{"rendered":"https:\/\/onordeste.com.br\/?p=121316"},"modified":"2024-02-05T15:00:31","modified_gmt":"2024-02-05T18:00:31","slug":"parques-da-cidade-recebem-brinquedos-acessiveis-e-inclusivos","status":"publish","type":"post","link":"https:\/\/iparaiba.com.br\/index.php\/2024\/02\/05\/parques-da-cidade-recebem-brinquedos-acessiveis-e-inclusivos\/","title":{"rendered":"Parques da cidade recebem brinquedos acess\u00edveis e inclusivos"},"content":{"rendered":"<p>Dentro desse processo de recupera\u00e7\u00e3o, requalifica\u00e7\u00e3o e melhorias dos parques, pra\u00e7as e espa\u00e7os esportivos promovidos pela Secretaria de Esporte, Juventude e Lazer (Sejel), da Prefeitura de Campina Grande, v\u00e1rios pontos t\u00eam recebido aten\u00e7\u00e3o especial, entre eles est\u00e3o a arboriza\u00e7\u00e3o dos espa\u00e7os e a acessibilidade.<\/p>\n<p>Sendo assim, os parques da cidade, da Crian\u00e7a, da Liberdade e o Parque Linear da Dinam\u00e9rica, foram contemplados com brinquedos acess\u00edveis, atendendo uma antiga reivindica\u00e7\u00e3o da popula\u00e7\u00e3o que solicitava esses equipamentos que incluem integram as pessoas com defici\u00eancia.<\/p>\n<p>O secretario de esportes de Campina Grande, Cledson Rodrigues (Dinho), argumentou que a Sejel est\u00e1 com as portas abertas para receber as demandas da sociedade campinense, nessa luta para que o esporte alcance sempre o maior n\u00famero de pessoas, independente da modalidade.<\/p>\n<p>\u201cA gest\u00e3o do prefeito Bruno Cunha Lima \u00e9 assim, sempre escuta o povo com suas demandas e pedidos, a gente procura dar a resposta e a solu\u00e7\u00e3o de forma r\u00e1pida e eficiente a esses pedidos, tem sido assim, as pessoas apresentam as reivindica\u00e7\u00f5es, fazemos visitas aos locais, geralmente com uma equipe t\u00e9cnica e de imediato trazemos as solu\u00e7\u00f5es\u201d, enfatizou Dinho.<\/p>\n","protected":false},"excerpt":{"rendered":"<p>Dentro desse processo de recupera\u00e7\u00e3o, requalifica\u00e7\u00e3o e melhorias dos parques, pra\u00e7as e espa\u00e7os esportivos promovidos pela Secretaria de Esporte, Juventude e Lazer (Sejel), da Prefeitura de Campina Grande, v\u00e1rios pontos t\u00eam recebido aten\u00e7\u00e3o especial, entre eles est\u00e3o a arboriza\u00e7\u00e3o dos espa\u00e7os e a acessibilidade. Sendo assim, os parques da cidade, da Crian\u00e7a, da Liberdade e &hellip;<\/p>\n","protected":false},"author":1,"featured_media":103976,"comment_status":"open","ping_status":"open","sticky":false,"template":"","format":"standard","meta":{"footnotes":""},"categories":[15],"tags":[],"class_list":["post-121331","post","type-post","status-publish","format-standard","has-post-thumbnail","hentry","category-links"],"_links":{"self":[{"href":"https:\/\/iparaiba.com.br\/index.php\/wp-json\/wp\/v2\/posts\/121331","targetHints":{"allow":["GET"]}}],"collection":[{"href":"https:\/\/iparaiba.com.br\/index.php\/wp-json\/wp\/v2\/posts"}],"about":[{"href":"https:\/\/iparaiba.com.br\/index.php\/wp-json\/wp\/v2\/types\/post"}],"author":[{"embeddable":true,"href":"https:\/\/iparaiba.com.br\/index.php\/wp-json\/wp\/v2\/users\/1"}],"replies":[{"embeddable":true,"href":"https:\/\/iparaiba.com.br\/index.php\/wp-json\/wp\/v2\/comments?post=121331"}],"version-history":[{"count":1,"href":"https:\/\/iparaiba.com.br\/index.php\/wp-json\/wp\/v2\/posts\/121331\/revisions"}],"predecessor-version":[{"id":121357,"href":"https:\/\/iparaiba.com.br\/index.php\/wp-json\/wp\/v2\/posts\/121331\/revisions\/121357"}],"wp:featuredmedia":[{"embeddable":true,"href":"https:\/\/iparaiba.com.br\/index.php\/wp-json\/wp\/v2\/media\/103976"}],"wp:attachment":[{"href":"https:\/\/iparaiba.com.br\/index.php\/wp-json\/wp\/v2\/media?parent=121331"}],"wp:term":[{"taxonomy":"category","embeddable":true,"href":"https:\/\/iparaiba.com.br\/index.php\/wp-json\/wp\/v2\/categories?post=121331"},{"taxonomy":"post_tag","embeddable":true,"href":"https:\/\/iparaiba.com.br\/index.php\/wp-json\/wp\/v2\/tags?post=121331"}],"curies":[{"name":"wp","href":"https:\/\/api.w.org\/{rel}","templated":true}]}}