{"id":121307,"date":"2024-02-01T11:06:28","date_gmt":"2024-02-01T14:06:28","guid":{"rendered":"https:\/\/onordeste.com.br\/?p=121258"},"modified":"2024-02-01T11:06:28","modified_gmt":"2024-02-01T14:06:28","slug":"requalificacao-do-cine-capitolio-tem-projetos-complementares","status":"publish","type":"post","link":"https:\/\/iparaiba.com.br\/index.php\/2024\/02\/01\/requalificacao-do-cine-capitolio-tem-projetos-complementares\/","title":{"rendered":"Requalifica\u00e7\u00e3o do Cine Capit\u00f3lio tem projetos complementares"},"content":{"rendered":"<p>As obras de requalifica\u00e7\u00e3o do Cine Capit\u00f3lio est\u00e3o a todo vapor. Al\u00e9m do projeto arquitet\u00f4nico desenhado pela equipe da Secretaria de Planejamento (Seplan), alinhado sob as especifica\u00e7\u00f5es t\u00e9cnicas de preserva\u00e7\u00e3o do patrim\u00f4nio hist\u00f3rico exigidas pelo Iphaep, a Prefeitura de Campina Grande contou com a importante parceria do Centro Universit\u00e1rio Unifacisa para a elabora\u00e7\u00e3o dos projetos complementares do novo espa\u00e7o.<\/p>\n<p>Em visita ao canteiro de obras do futuro &#8220;Capit\u00f3lio da Educa\u00e7\u00e3o&#8221;, na ter\u00e7a-feira (30), o secret\u00e1rio de Planejamento, Felix Ara\u00fajo Neto, destacou como &#8220;estrat\u00e9gica&#8221; essa parceria, que resultou na aquisi\u00e7\u00e3o de projetos de alta qualidade, a custo zero para a Prefeitura. Est\u00e3o neste cat\u00e1logo complementar os projetos de luminot\u00e9cnica, hidrossanit\u00e1rio, estruturas met\u00e1licas e ac\u00fastico, por exemplo.<\/p>\n<p>\u201cFoi uma parceria estrat\u00e9gica, por meio da qual a Prefeitura recebeu de presente da Unifacisa projetos essenciais para a execu\u00e7\u00e3o da obra do Capit\u00f3lio. O prefeito Bruno sempre preza pela valoriza\u00e7\u00e3o da produ\u00e7\u00e3o das universidades da nossa cidade e, nesta gest\u00e3o, temos nos aproximado cada vez mais de cada uma delas, sempre buscando beneficiar Campina Grande\u201d, destacou o secret\u00e1rio Felix Neto.<\/p>\n<p>Participaram da elabora\u00e7\u00e3o desses complementares, os alunos dos cursos de Arquitetura e Urbanismo e de Engenharia, selecionados para um projeto de extens\u00e3o, com a tutoria de professores, profissionais das \u00e1reas mencionadas. Dois egressos da Institui\u00e7\u00e3o, M\u00f4nica Pires e Iago Mendes, visitaram as obras do Capit\u00f3lio junto com o secret\u00e1rio Felix Neto e um dos arquitetos respons\u00e1veis pelo projeto geral, o secret\u00e1rio executivo da Seplan, T\u00falio Duda Paz.<\/p>\n<p>\u201cTer participado do projeto do Capit\u00f3lio para mim foi muito importante. Como arquiteta, sempre olho os edif\u00edcios das nossas cidades, em especial de Campina Grande, que \u00e9 o lugar onde eu moro e amo&#8230; E o Cine Capit\u00f3lio, um espa\u00e7o t\u00e3o importante no cora\u00e7\u00e3o da cidade, ver esse espa\u00e7o se deteriorando e, agora, finalmente, tomando forma com um projeto que vai traz\u00ea-lo de volta \u00e0 vida, \u00e9 incr\u00edvel. Como estudante, trabalhar nesse projeto permitiu ter uma vis\u00e3o melhor do mundo do trabalho, de como funciona a rela\u00e7\u00e3o do trabalho em organiza\u00e7\u00f5es, atrelado a um patrim\u00f4nio hist\u00f3rico\u201d, detalhou a ex-aluna e agora arquiteta, M\u00f4nica Pires.<\/p>\n<p>J\u00e1 para Iago Mendes, que participou do projeto de luminot\u00e9cnica do Capit\u00f3lio, a expectativa \u00e9 ver o espa\u00e7o novamente vibrante e acess\u00edvel para todos. \u201cPara mim foi de grande valia a participa\u00e7\u00e3o nesse projeto. Primeiro, porque \u00e9 um importante marco hist\u00f3rico e cultural para Campina Grande. Mesmo n\u00e3o tendo tido a oportunidade de usufruir dele na \u00e9poca, pude ter experi\u00eancia e o contato com ele em projeto. E, segundo, porque pude contribuir para com a cidade aplicando os conhecimentos que obtive ainda na gradua\u00e7\u00e3o. Eu espero poder ver o Cine Capit\u00f3lio como um espa\u00e7o cultural vibrante e acess\u00edvel para toda a comunidade, como antigamente muito se falava\u201d, declarou.<\/p>\n<p>Superando mais de duas d\u00e9cadas de espera e quest\u00f5es burocr\u00e1ticas com o Iphaep, o antigo Cine Capit\u00f3lio est\u00e1 novamente ganhando vida com as obras. Segundo T\u00falio Duda, a mem\u00f3ria est\u00e1 sendo protegida e valorizada com a &#8220;preserva\u00e7\u00e3o das paredes hist\u00f3ricas e da fachada da edifica\u00e7\u00e3o&#8221;.<\/p>\n<p>Em seu interior, o novo espa\u00e7o, que ser\u00e1 coordenador pela Secretaria de Educa\u00e7\u00e3o do munic\u00edpio, contar\u00e1 com uma moderna biblioteca, salas multiuso, cineteatro com capacidade para 250 espectadores, pra\u00e7a de alimenta\u00e7\u00e3o, camarins, banheiros e outros espa\u00e7os, todos com acessibilidade e modernidade. A proposta \u00e9 de que o &#8220;Capit\u00f3lio da Educa\u00e7\u00e3o&#8221; seja o novo espa\u00e7o cultural e educacional da cidade, voltado especialmente para os alunos da rede municipal de ensino, podendo ser usufru\u00eddo tamb\u00e9m pelo movimento art\u00edstico de Campina Grande.<\/p>\n","protected":false},"excerpt":{"rendered":"<p>As obras de requalifica\u00e7\u00e3o do Cine Capit\u00f3lio est\u00e3o a todo vapor. Al\u00e9m do projeto arquitet\u00f4nico desenhado pela equipe da Secretaria de Planejamento (Seplan), alinhado sob as especifica\u00e7\u00f5es t\u00e9cnicas de preserva\u00e7\u00e3o do patrim\u00f4nio hist\u00f3rico exigidas pelo Iphaep, a Prefeitura de Campina Grande contou com a importante parceria do Centro Universit\u00e1rio Unifacisa para a elabora\u00e7\u00e3o dos projetos &hellip;<\/p>\n","protected":false},"author":1,"featured_media":101323,"comment_status":"open","ping_status":"open","sticky":false,"template":"","format":"standard","meta":{"footnotes":""},"categories":[15],"tags":[],"class_list":["post-121307","post","type-post","status-publish","format-standard","has-post-thumbnail","hentry","category-links"],"_links":{"self":[{"href":"https:\/\/iparaiba.com.br\/index.php\/wp-json\/wp\/v2\/posts\/121307","targetHints":{"allow":["GET"]}}],"collection":[{"href":"https:\/\/iparaiba.com.br\/index.php\/wp-json\/wp\/v2\/posts"}],"about":[{"href":"https:\/\/iparaiba.com.br\/index.php\/wp-json\/wp\/v2\/types\/post"}],"author":[{"embeddable":true,"href":"https:\/\/iparaiba.com.br\/index.php\/wp-json\/wp\/v2\/users\/1"}],"replies":[{"embeddable":true,"href":"https:\/\/iparaiba.com.br\/index.php\/wp-json\/wp\/v2\/comments?post=121307"}],"version-history":[{"count":0,"href":"https:\/\/iparaiba.com.br\/index.php\/wp-json\/wp\/v2\/posts\/121307\/revisions"}],"wp:featuredmedia":[{"embeddable":true,"href":"https:\/\/iparaiba.com.br\/index.php\/wp-json\/wp\/v2\/media\/101323"}],"wp:attachment":[{"href":"https:\/\/iparaiba.com.br\/index.php\/wp-json\/wp\/v2\/media?parent=121307"}],"wp:term":[{"taxonomy":"category","embeddable":true,"href":"https:\/\/iparaiba.com.br\/index.php\/wp-json\/wp\/v2\/categories?post=121307"},{"taxonomy":"post_tag","embeddable":true,"href":"https:\/\/iparaiba.com.br\/index.php\/wp-json\/wp\/v2\/tags?post=121307"}],"curies":[{"name":"wp","href":"https:\/\/api.w.org\/{rel}","templated":true}]}}