{"id":121306,"date":"2024-02-01T11:04:59","date_gmt":"2024-02-01T14:04:59","guid":{"rendered":"https:\/\/onordeste.com.br\/?p=121256"},"modified":"2024-02-01T11:04:59","modified_gmt":"2024-02-01T14:04:59","slug":"camara-abre-ano-legislativo","status":"publish","type":"post","link":"https:\/\/iparaiba.com.br\/index.php\/2024\/02\/01\/camara-abre-ano-legislativo\/","title":{"rendered":"C\u00e2mara abre ano legislativo"},"content":{"rendered":"<p style=\"font-weight: 400;\">A C\u00e2mara Municipal de Jo\u00e3o Pessoa (CMJP) abre nesta quinta-feira (1\u00ba), \u00e0s 9h30, os trabalhos legislativos de 2024. Est\u00e1 confirmada na primeira sess\u00e3o da 18\u00aa Legislatura a presen\u00e7a do prefeito C\u00edcero Lucena (PP).<\/p>\n<p style=\"font-weight: 400;\">O presidente da CMJP, vereador Dinho Dowsley (Avante) ressaltou que apesar de ser um ano eleitoral, o ritmo alto de produtividade do legislativo pessoense ser\u00e1 mantido, assim como a discuss\u00e3o de temas de interesse da sociedade, a exemplo da revitaliza\u00e7\u00e3o do Centro Hist\u00f3rico, que teve na CMJP um est\u00edmulo decisivo. &#8220;Ser\u00e1 adotado um regime de trabalho intenso, da mesma forma que aconteceu nos tr\u00eas anos anteriores. Conseguimos muitas conquistas relacionadas ao Centro Hist\u00f3rico gra\u00e7as ao empenho dos vereadores e n\u00e3o podemos diminuir nosso ritmo de trabalho&#8221;, pontuou o presidente.<\/p>\n<p style=\"font-weight: 400;\">Al\u00e9m disso, as obras para a constru\u00e7\u00e3o da nova sede j\u00e1 foram iniciadas e o pr\u00e9dio, quase em frente ao atual, deve ser conclu\u00eddo at\u00e9 o fim do ano.<\/p>\n","protected":false},"excerpt":{"rendered":"<p>A C\u00e2mara Municipal de Jo\u00e3o Pessoa (CMJP) abre nesta quinta-feira (1\u00ba), \u00e0s 9h30, os trabalhos legislativos de 2024. Est\u00e1 confirmada na primeira sess\u00e3o da 18\u00aa Legislatura a presen\u00e7a do prefeito C\u00edcero Lucena (PP). O presidente da CMJP, vereador Dinho Dowsley (Avante) ressaltou que apesar de ser um ano eleitoral, o ritmo alto de produtividade do &hellip;<\/p>\n","protected":false},"author":1,"featured_media":109639,"comment_status":"open","ping_status":"open","sticky":false,"template":"","format":"standard","meta":{"footnotes":""},"categories":[8],"tags":[],"class_list":["post-121306","post","type-post","status-publish","format-standard","has-post-thumbnail","hentry","category-politica"],"_links":{"self":[{"href":"https:\/\/iparaiba.com.br\/index.php\/wp-json\/wp\/v2\/posts\/121306","targetHints":{"allow":["GET"]}}],"collection":[{"href":"https:\/\/iparaiba.com.br\/index.php\/wp-json\/wp\/v2\/posts"}],"about":[{"href":"https:\/\/iparaiba.com.br\/index.php\/wp-json\/wp\/v2\/types\/post"}],"author":[{"embeddable":true,"href":"https:\/\/iparaiba.com.br\/index.php\/wp-json\/wp\/v2\/users\/1"}],"replies":[{"embeddable":true,"href":"https:\/\/iparaiba.com.br\/index.php\/wp-json\/wp\/v2\/comments?post=121306"}],"version-history":[{"count":0,"href":"https:\/\/iparaiba.com.br\/index.php\/wp-json\/wp\/v2\/posts\/121306\/revisions"}],"wp:featuredmedia":[{"embeddable":true,"href":"https:\/\/iparaiba.com.br\/index.php\/wp-json\/wp\/v2\/media\/109639"}],"wp:attachment":[{"href":"https:\/\/iparaiba.com.br\/index.php\/wp-json\/wp\/v2\/media?parent=121306"}],"wp:term":[{"taxonomy":"category","embeddable":true,"href":"https:\/\/iparaiba.com.br\/index.php\/wp-json\/wp\/v2\/categories?post=121306"},{"taxonomy":"post_tag","embeddable":true,"href":"https:\/\/iparaiba.com.br\/index.php\/wp-json\/wp\/v2\/tags?post=121306"}],"curies":[{"name":"wp","href":"https:\/\/api.w.org\/{rel}","templated":true}]}}