{"id":121298,"date":"2024-02-03T12:00:05","date_gmt":"2024-02-03T15:00:05","guid":{"rendered":"https:\/\/onordeste.com.br\/?p=121298"},"modified":"2024-02-03T12:00:05","modified_gmt":"2024-02-03T15:00:05","slug":"governo-anuncia-centro-de-operacoes-de-emergencias-contra-a-dengue","status":"publish","type":"post","link":"https:\/\/iparaiba.com.br\/index.php\/2024\/02\/03\/governo-anuncia-centro-de-operacoes-de-emergencias-contra-a-dengue\/","title":{"rendered":"Governo anuncia Centro de Opera\u00e7\u00f5es de Emerg\u00eancias contra a dengue"},"content":{"rendered":"<p>O Governo Federal anunciou nesta quinta-feira (1\u00b0\/01), a cria\u00e7\u00e3o de um Centro de Opera\u00e7\u00f5es de Emerg\u00eancias (COE Arboviroses) para combater a dengue. Durante evento da Comiss\u00e3o Intergestores Tripartite, em Bras\u00edlia, a ministra N\u00edsia Trindade (Sa\u00fade) explicou que a medida permite atuar de forma mais \u00e1gil para organizar o sistema de sa\u00fade e a\u00e7\u00f5es de vigil\u00e2ncia sanit\u00e1ria de forma coordenada com estados e munic\u00edpios.<\/p>\n<p>\u201c\u00c9 uma mensagem de mobiliza\u00e7\u00e3o nacional. De um Brasil unido contra a dengue. Um chamamento p\u00fablico para a uni\u00e3o de todo o pa\u00eds neste momento para proteger a popula\u00e7\u00e3o e prevenir, pois sabemos que mais de 75% dos focos do mosquito se encontram nas casas\u201d, explicou a ministra.<\/p>\n<p>N\u00edsia ressaltou que desde setembro de 2023 o Governo Federal vem acompanhando em uma sala de situa\u00e7\u00e3o o quadro da doen\u00e7a a partir de instrumentos de ci\u00eancia e tecnologia, para entender cen\u00e1rios e planejar a\u00e7\u00f5es. Neste momento, a dengue aparece como quadro de emerg\u00eancia em dezenas de munic\u00edpios das regi\u00f5es Sudeste e Centro-Oeste, mas o olhar do governo tem perspectiva nacional.<\/p>\n<p>\u201cA nossa aten\u00e7\u00e3o para um acompanhamento nacional \u00e9 fundamental\u201d, afirmou a ministra. \u201cComo tenho dito, a hora \u00e9 de prevenir e cuidar. Dengue \u00e9 uma doen\u00e7a para a qual o Sistema \u00danico de Sa\u00fade (SUS) pode operar de forma eficiente e evitar mortes. Essa tem de ser a nossa t\u00f4nica nesse momento\u201d.<\/p>\n<p><strong>FUN\u00c7\u00c3O<\/strong>\u00a0&#8211; O objetivo do COE \u00e9 elaborar estrat\u00e9gias de controle e redu\u00e7\u00e3o de casos graves e \u00f3bitos. Com o acionamento, o Governo Federal passa a monitorar a situa\u00e7\u00e3o, com \u00eanfase em dengue e chikungunya, para orientar a execu\u00e7\u00e3o de a\u00e7\u00f5es voltadas \u00e0 vigil\u00e2ncia epidemiol\u00f3gica, laboratorial, assist\u00eancia e controle de vetores. O planejamento das a\u00e7\u00f5es e a resposta coordenada s\u00e3o feitos em conjunto com estados e munic\u00edpios.<\/p>\n<p><strong>VACINA<\/strong>\u00a0&#8211; A ministra enfatizou o pioneirismo do Brasil na aquisi\u00e7\u00e3o de vacina para oferecer no sistema p\u00fablico de sa\u00fade, mas ressaltou que o imunizante tem de ser visto como esperan\u00e7a, e n\u00e3o como resposta \u00e0 situa\u00e7\u00e3o de crise atual. Isso porque h\u00e1 uma limita\u00e7\u00e3o de produ\u00e7\u00e3o do fabricante, o que impede que o imunizante seja ofertado de forma ampla, e a vacina tamb\u00e9m n\u00e3o atende o p\u00fablico com mais de 60 anos, que \u00e9 uma das faixas da popula\u00e7\u00e3o com maior risco de agravamento da doen\u00e7a.<\/p>\n<p>\u201cA vacina \u00e9 nossa esperan\u00e7a para um futuro sem dengue, mas hoje n\u00e3o \u00e9 o instrumento de maior impacto. Temos que, principalmente, prevenir e cuidar: fazer o controle dos focos do mosquito em nossas casas e cuidar de quem adoece. Contamos com todas e todos nessa campanha\u201d, afirmou N\u00edsia.<\/p>\n<p>A primeira remessa com cerca de 757 mil doses chegou ao Brasil em 20 de janeiro. O lote faz parte de um total de 1,32 milh\u00e3o de doses fornecidas pela farmac\u00eautica. Outra remessa, com mais de 568 mil doses, tem entrega prevista para fevereiro. Al\u00e9m desse primeiro lote de 1,3 milh\u00e3o de vacinas, o minist\u00e9rio adquiriu o total dispon\u00edvel pelo fabricante para 2024: 5,2 milh\u00f5es de doses. De acordo com a empresa, a previs\u00e3o \u00e9 que sejam entregues ao longo do ano, at\u00e9 dezembro. Para 2025, a pasta j\u00e1 contratou outras 9 milh\u00f5es de doses.<\/p>\n<p>A vacina ser\u00e1 aplicada na popula\u00e7\u00e3o de regi\u00f5es end\u00eamicas, em 521 munic\u00edpios, a partir deste m\u00eas. O processo foi organizado com \u00f3rg\u00e3os representantes das Secretarias de Sa\u00fade dos estados e munic\u00edpios &#8211; seguindo as recomenda\u00e7\u00f5es da C\u00e2mara T\u00e9cnica de Assessoramento em Imuniza\u00e7\u00e3o (CTAI) e da Organiza\u00e7\u00e3o Mundial de Sa\u00fade (OMS).<\/p>\n<p><strong>QUADRO<\/strong>\u00a0&#8211; Em 2024, o Brasil registrou 217.481 casos prov\u00e1veis de dengue, sendo 51.448 casos na semana epidemiol\u00f3gica 1 (31\/12 a 6\/1), 62.665 na semana 2 (7 a 13\/1), 71.779 casos prov\u00e1veis de dengue na semana 3 (14 a 20\/1) e 31.589 casos na semana epidemiol\u00f3gica 4 (21 a 27\/4).<\/p>\n<p>Com o in\u00edcio do per\u00edodo das chuvas e das altas temperaturas, e diante do alerta emitido pela Organiza\u00e7\u00e3o Mundial de Sa\u00fade (OMS) sobre o aumento das arboviroses em raz\u00e3o das mudan\u00e7as clim\u00e1ticas ocasionadas pelo El Ni\u00f1o, o Minist\u00e9rio da Sa\u00fade coordenou uma s\u00e9rie de atividades preparat\u00f3rias para a sazonalidade de 2024.<\/p>\n<p><strong>CAMPANHAS<\/strong>\u00a0&#8211; Em novembro, o Minist\u00e9rio da Sa\u00fade lan\u00e7ou novas campanhas de mobiliza\u00e7\u00e3o, voltadas \u00e0 realidade de cada regi\u00e3o do pa\u00eds e peculiaridades desse cen\u00e1rio epidemiol\u00f3gico. Em dezembro, foi instalada a Sala Nacional de Arboviroses, espa\u00e7o permanente de monitoramento em tempo real dos locais com maior incid\u00eancia. Com a medida, \u00e9 poss\u00edvel direcionar as a\u00e7\u00f5es de vigil\u00e2ncia de forma estrat\u00e9gica nas regi\u00f5es mais afetadas. Outra iniciativa foi a realiza\u00e7\u00e3o da reuni\u00e3o nacional de prepara\u00e7\u00e3o para o per\u00edodo de alta transmiss\u00e3o de arboviroses, com a participa\u00e7\u00e3o dos 27 estados e 42 munic\u00edpios. No mesmo m\u00eas, a pasta emitiu uma Nota de Alerta sobre o aumento de casos de dengue e Chikungunya no territ\u00f3rio nacional.<\/p>\n<p><strong>REPASSES<\/strong>\u00a0&#8211; Para apoiar estados e munic\u00edpios, o Minist\u00e9rio da Sa\u00fade repassou R$ 256 milh\u00f5es para todo o pa\u00eds, em a\u00e7\u00e3o de refor\u00e7o do enfrentamento da doen\u00e7a. Ainda em 2023, o minist\u00e9rio qualificou cerca de 12 mil profissionais de sa\u00fade, entre m\u00e9dicos e enfermeiros, para atuarem como multiplicadores para manejo cl\u00ednico, vigil\u00e2ncia e controle da doen\u00e7a.<\/p>\n<p>O Governo Federal tamb\u00e9m normalizou os estoques de inseticidas, que estavam em situa\u00e7\u00e3o cr\u00edtica desde o in\u00edcio de 2023. Ao todo, foram distribu\u00eddos 142,5 mil quilos de larvicida; 9,6 mil quilos de adulticida para aplica\u00e7\u00e3o residual em pontos estrat\u00e9gicos; e 156,7 mil litros do adulticida para aplica\u00e7\u00e3o espacial a Ultra Baixo Volume (UBV).<\/p>\n<p>Para 2024, foram realizadas novas aquisi\u00e7\u00f5es, sendo 400 mil quilos de larvicida e 12,6 mil quilos de adulticida para aplica\u00e7\u00e3o residual. Todos os estados est\u00e3o abastecidos com os insumos. Tamb\u00e9m est\u00e1 em andamento a pactua\u00e7\u00e3o de apoio assistencial aos estados em situa\u00e7\u00e3o de emerg\u00eancia.<\/p>\n<p>Secretaria de Comunica\u00e7\u00e3o Social da Presid\u00eancia da Rep\u00fablica (SECOM-PR)<\/p>\n","protected":false},"excerpt":{"rendered":"<p>O Governo Federal anunciou nesta quinta-feira (1\u00b0\/01), a cria\u00e7\u00e3o de um Centro de Opera\u00e7\u00f5es de Emerg\u00eancias (COE Arboviroses) para combater a dengue. Durante evento da Comiss\u00e3o Intergestores Tripartite, em Bras\u00edlia, a ministra N\u00edsia Trindade (Sa\u00fade) explicou que a medida permite atuar de forma mais \u00e1gil para organizar o sistema de sa\u00fade e a\u00e7\u00f5es de vigil\u00e2ncia &hellip;<\/p>\n","protected":false},"author":1,"featured_media":108497,"comment_status":"open","ping_status":"open","sticky":false,"template":"","format":"standard","meta":{"footnotes":""},"categories":[10],"tags":[],"class_list":["post-121298","post","type-post","status-publish","format-standard","has-post-thumbnail","hentry","category-manchetes"],"_links":{"self":[{"href":"https:\/\/iparaiba.com.br\/index.php\/wp-json\/wp\/v2\/posts\/121298","targetHints":{"allow":["GET"]}}],"collection":[{"href":"https:\/\/iparaiba.com.br\/index.php\/wp-json\/wp\/v2\/posts"}],"about":[{"href":"https:\/\/iparaiba.com.br\/index.php\/wp-json\/wp\/v2\/types\/post"}],"author":[{"embeddable":true,"href":"https:\/\/iparaiba.com.br\/index.php\/wp-json\/wp\/v2\/users\/1"}],"replies":[{"embeddable":true,"href":"https:\/\/iparaiba.com.br\/index.php\/wp-json\/wp\/v2\/comments?post=121298"}],"version-history":[{"count":1,"href":"https:\/\/iparaiba.com.br\/index.php\/wp-json\/wp\/v2\/posts\/121298\/revisions"}],"predecessor-version":[{"id":121326,"href":"https:\/\/iparaiba.com.br\/index.php\/wp-json\/wp\/v2\/posts\/121298\/revisions\/121326"}],"wp:featuredmedia":[{"embeddable":true,"href":"https:\/\/iparaiba.com.br\/index.php\/wp-json\/wp\/v2\/media\/108497"}],"wp:attachment":[{"href":"https:\/\/iparaiba.com.br\/index.php\/wp-json\/wp\/v2\/media?parent=121298"}],"wp:term":[{"taxonomy":"category","embeddable":true,"href":"https:\/\/iparaiba.com.br\/index.php\/wp-json\/wp\/v2\/categories?post=121298"},{"taxonomy":"post_tag","embeddable":true,"href":"https:\/\/iparaiba.com.br\/index.php\/wp-json\/wp\/v2\/tags?post=121298"}],"curies":[{"name":"wp","href":"https:\/\/api.w.org\/{rel}","templated":true}]}}