{"id":121295,"date":"2024-02-03T08:00:53","date_gmt":"2024-02-03T11:00:53","guid":{"rendered":"https:\/\/onordeste.com.br\/?p=121294"},"modified":"2024-02-03T08:00:53","modified_gmt":"2024-02-03T11:00:53","slug":"detran-divulga-calendario-de-vistorias-do-transporte-escolar","status":"publish","type":"post","link":"https:\/\/iparaiba.com.br\/index.php\/2024\/02\/03\/detran-divulga-calendario-de-vistorias-do-transporte-escolar\/","title":{"rendered":"Detran divulga calend\u00e1rio de vistorias do transporte escolar"},"content":{"rendered":"<p>O Departamento Estadual de Tr\u00e2nsito (Detran-PB) e o Minist\u00e9rio P\u00fablico da Para\u00edba (MPPB) programaram o calend\u00e1rio de vistorias do primeiro semestre de 2024, para fiscalizar os transportes escolares dos munic\u00edpios do Estado. De acordo com o cronograma, as fiscaliza\u00e7\u00f5es, que visam coibir irregularidades do setor, ter\u00e3o in\u00edcio no dia 3 de fevereiro.<\/p>\n<p>Conforme o cronograma, as equipes compostas pela autarquia de tr\u00e2nsito, em parceria com o MPPB e demais \u00f3rg\u00e3os envolvidos, atuar\u00e3o nos finais de semana dos meses de fevereiro a junho. Em maio, ser\u00e1 divulgado o calend\u00e1rio para o segundo semestre.<\/p>\n<p>Segundo o gerente Operacional de Vistoria e Emplacamento do Detran-PB, Renato Prado, o objetivo da vistoria \u00e9 garantir seguran\u00e7a e observar as condi\u00e7\u00f5es de funcionamento do ve\u00edculo. Ele informa que, durante a inspe\u00e7\u00e3o, s\u00e3o observados itens de seguran\u00e7a e equipamentos obrigat\u00f3rios. Tamb\u00e9m h\u00e1 a verifica\u00e7\u00e3o das faixas laterais e traseiras, que devem estar de acordo com as normas.<\/p>\n<p>A fiscaliza\u00e7\u00e3o \u00e9 feita pelo Detran, com o apoio do MPPB, Batalh\u00e3o de Policiamento de Tr\u00e2nsito (BPTran), Pol\u00edcia Rodovi\u00e1ria Federal (PRF), Instituto Nacional de Metrologia, Qualidade e Tecnologia (Inmetro) e Departamento de Estradas de Rodagens (DER).<\/p>\n<p>Para conferir o calend\u00e1rio na \u00edntegra,\u00a0<a class=\"internal-link\" title=\"\" href=\"https:\/\/paraiba.pb.gov.br\/noticias\/detran-pb-divulga-calendario-de-vistorias-do-transporte-escolar-3\/CalendriodeFiscalizaodeTransporteEscolarAno2024.1Comajustes.pdf\" target=\"_self\" data-tippreview-image=\"\" data-tippreview-title=\"\" data-tippreview-enabled=\"false\" rel=\"noopener\">clique aqui<\/a>.<\/p>\n","protected":false},"excerpt":{"rendered":"<p>O Departamento Estadual de Tr\u00e2nsito (Detran-PB) e o Minist\u00e9rio P\u00fablico da Para\u00edba (MPPB) programaram o calend\u00e1rio de vistorias do primeiro semestre de 2024, para fiscalizar os transportes escolares dos munic\u00edpios do Estado. De acordo com o cronograma, as fiscaliza\u00e7\u00f5es, que visam coibir irregularidades do setor, ter\u00e3o in\u00edcio no dia 3 de fevereiro. Conforme o cronograma, &hellip;<\/p>\n","protected":false},"author":1,"featured_media":110597,"comment_status":"open","ping_status":"open","sticky":false,"template":"","format":"standard","meta":{"footnotes":""},"categories":[7],"tags":[],"class_list":["post-121295","post","type-post","status-publish","format-standard","has-post-thumbnail","hentry","category-diversas"],"_links":{"self":[{"href":"https:\/\/iparaiba.com.br\/index.php\/wp-json\/wp\/v2\/posts\/121295","targetHints":{"allow":["GET"]}}],"collection":[{"href":"https:\/\/iparaiba.com.br\/index.php\/wp-json\/wp\/v2\/posts"}],"about":[{"href":"https:\/\/iparaiba.com.br\/index.php\/wp-json\/wp\/v2\/types\/post"}],"author":[{"embeddable":true,"href":"https:\/\/iparaiba.com.br\/index.php\/wp-json\/wp\/v2\/users\/1"}],"replies":[{"embeddable":true,"href":"https:\/\/iparaiba.com.br\/index.php\/wp-json\/wp\/v2\/comments?post=121295"}],"version-history":[{"count":1,"href":"https:\/\/iparaiba.com.br\/index.php\/wp-json\/wp\/v2\/posts\/121295\/revisions"}],"predecessor-version":[{"id":121324,"href":"https:\/\/iparaiba.com.br\/index.php\/wp-json\/wp\/v2\/posts\/121295\/revisions\/121324"}],"wp:featuredmedia":[{"embeddable":true,"href":"https:\/\/iparaiba.com.br\/index.php\/wp-json\/wp\/v2\/media\/110597"}],"wp:attachment":[{"href":"https:\/\/iparaiba.com.br\/index.php\/wp-json\/wp\/v2\/media?parent=121295"}],"wp:term":[{"taxonomy":"category","embeddable":true,"href":"https:\/\/iparaiba.com.br\/index.php\/wp-json\/wp\/v2\/categories?post=121295"},{"taxonomy":"post_tag","embeddable":true,"href":"https:\/\/iparaiba.com.br\/index.php\/wp-json\/wp\/v2\/tags?post=121295"}],"curies":[{"name":"wp","href":"https:\/\/api.w.org\/{rel}","templated":true}]}}