{"id":121294,"date":"2024-02-03T06:00:07","date_gmt":"2024-02-03T09:00:07","guid":{"rendered":"https:\/\/onordeste.com.br\/?p=121292"},"modified":"2024-02-03T06:00:07","modified_gmt":"2024-02-03T09:00:07","slug":"joao-azevedo-passa-o-cargo-para-fatima-bezerra","status":"publish","type":"post","link":"https:\/\/iparaiba.com.br\/index.php\/2024\/02\/03\/joao-azevedo-passa-o-cargo-para-fatima-bezerra\/","title":{"rendered":"Jo\u00e3o Azev\u00eado passa o cargo para F\u00e1tima Bezerra"},"content":{"rendered":"<p>O governador Jo\u00e3o Azev\u00eado participou, nesta quarta-feira (31), em Natal, no Rio Grande do Norte, da Assembleia Geral do Cons\u00f3rcio Interestadual de Desenvolvimento Sustent\u00e1vel do Nordeste (Cons\u00f3rcio Nordeste), ocasi\u00e3o em que a governadora F\u00e1tima Bezerra foi empossada como presidente da entidade durante o ano de 2024. Na oportunidade, o gestor, que coordenou o Cons\u00f3rcio no ano passado, destacou a uni\u00e3o dos estados para o fortalecimento da regi\u00e3o e compartilhamento de experi\u00eancias exitosas para garantir o desenvolvimento e a melhoria da qualidade de vida da popula\u00e7\u00e3o.<\/p>\n<p>\u201cDesde 2019, o Cons\u00f3rcio Nordeste tem desempenhado um papel fundamental. Fizemos o enfrentamento correto da pandemia, seguindo a ci\u00eancia, que permitiu salvar vidas e dar respostas ao pa\u00eds. Com o retorno de Lula \u00e0 presid\u00eancia, as pol\u00edticas p\u00fablicas e a interlocu\u00e7\u00e3o entre os Poderes foram reconstru\u00eddas. Quando nos unimos, formamos uma popula\u00e7\u00e3o de 60 milh\u00f5es de pessoas e em fun\u00e7\u00e3o da nossa for\u00e7a tivemos grandes vit\u00f3rias. Eu tive a honra de coordenar o Cons\u00f3rcio em 2023 e sempre nos pautamos pelo respeito \u00e0s autonomias dos estados e eu agrade\u00e7o aos governadores e a toda equipe da entidade\u201d, frisou.<\/p>\n<p>O chefe do Executivo estadual tamb\u00e9m parabenizou a governadora F\u00e1tima Bezerra, que assumiu a presid\u00eancia do Cons\u00f3rcio Nordeste e refor\u00e7ou a unidade entre os gestores. \u201cSei da capacidade de governar, articular e conciliar de F\u00e1tima Bezerra. Tenho certeza de que teremos mais um ano produtivo e com muitas lutas pela frente. Continuaremos unidos para fortalecer esse instrumento de troca de experi\u00eancias e de compartilhamento de pol\u00edticas p\u00fablicas para melhorar a qualidade de vida da popula\u00e7\u00e3o e defender a regi\u00e3o\u201d, acrescentou.<\/p>\n<p>Durante a reuni\u00e3o da Assembleia Geral do Cons\u00f3rcio Nordeste foi aprovada a instala\u00e7\u00e3o do Comit\u00ea Cient\u00edfico de Monitoramento e Enfrentamento das Emerg\u00eancias Clim\u00e1ticas; e deliberados sobre o andamento da cria\u00e7\u00e3o do Fundo da Caatinga e monitoramento das obras do Programa de Acelera\u00e7\u00e3o do Crescimento (PAC). Ainda foram instaladas as C\u00e2maras Tem\u00e1ticas da Educa\u00e7\u00e3o e Seguran\u00e7a P\u00fablica.<\/p>\n<p>Na oportunidade, foi apresentado o calend\u00e1rio de apresenta\u00e7\u00f5es dos artistas da regi\u00e3o no projeto Conex\u00e3o Nordeste, que acontecer\u00e1 entre os dias 9 de mar\u00e7o e 26 de maio.<\/p>\n","protected":false},"excerpt":{"rendered":"<p>O governador Jo\u00e3o Azev\u00eado participou, nesta quarta-feira (31), em Natal, no Rio Grande do Norte, da Assembleia Geral do Cons\u00f3rcio Interestadual de Desenvolvimento Sustent\u00e1vel do Nordeste (Cons\u00f3rcio Nordeste), ocasi\u00e3o em que a governadora F\u00e1tima Bezerra foi empossada como presidente da entidade durante o ano de 2024. Na oportunidade, o gestor, que coordenou o Cons\u00f3rcio no &hellip;<\/p>\n","protected":false},"author":1,"featured_media":120031,"comment_status":"open","ping_status":"open","sticky":false,"template":"","format":"standard","meta":{"footnotes":""},"categories":[3],"tags":[],"class_list":["post-121294","post","type-post","status-publish","format-standard","has-post-thumbnail","hentry","category-nordeste"],"_links":{"self":[{"href":"https:\/\/iparaiba.com.br\/index.php\/wp-json\/wp\/v2\/posts\/121294","targetHints":{"allow":["GET"]}}],"collection":[{"href":"https:\/\/iparaiba.com.br\/index.php\/wp-json\/wp\/v2\/posts"}],"about":[{"href":"https:\/\/iparaiba.com.br\/index.php\/wp-json\/wp\/v2\/types\/post"}],"author":[{"embeddable":true,"href":"https:\/\/iparaiba.com.br\/index.php\/wp-json\/wp\/v2\/users\/1"}],"replies":[{"embeddable":true,"href":"https:\/\/iparaiba.com.br\/index.php\/wp-json\/wp\/v2\/comments?post=121294"}],"version-history":[{"count":1,"href":"https:\/\/iparaiba.com.br\/index.php\/wp-json\/wp\/v2\/posts\/121294\/revisions"}],"predecessor-version":[{"id":121323,"href":"https:\/\/iparaiba.com.br\/index.php\/wp-json\/wp\/v2\/posts\/121294\/revisions\/121323"}],"wp:featuredmedia":[{"embeddable":true,"href":"https:\/\/iparaiba.com.br\/index.php\/wp-json\/wp\/v2\/media\/120031"}],"wp:attachment":[{"href":"https:\/\/iparaiba.com.br\/index.php\/wp-json\/wp\/v2\/media?parent=121294"}],"wp:term":[{"taxonomy":"category","embeddable":true,"href":"https:\/\/iparaiba.com.br\/index.php\/wp-json\/wp\/v2\/categories?post=121294"},{"taxonomy":"post_tag","embeddable":true,"href":"https:\/\/iparaiba.com.br\/index.php\/wp-json\/wp\/v2\/tags?post=121294"}],"curies":[{"name":"wp","href":"https:\/\/api.w.org\/{rel}","templated":true}]}}