{"id":121287,"date":"2024-02-02T10:00:56","date_gmt":"2024-02-02T13:00:56","guid":{"rendered":"https:\/\/onordeste.com.br\/?p=121278"},"modified":"2024-02-02T10:00:56","modified_gmt":"2024-02-02T13:00:56","slug":"governo-debate-pautas-prioritarias-da-agropecuaria","status":"publish","type":"post","link":"https:\/\/iparaiba.com.br\/index.php\/2024\/02\/02\/governo-debate-pautas-prioritarias-da-agropecuaria\/","title":{"rendered":"Governo debate pautas priorit\u00e1rias da agropecu\u00e1ria"},"content":{"rendered":"<p>O ministro da Agricultura e Pecu\u00e1ria, Carlos F\u00e1varo, recebeu o ministro-chefe de Rela\u00e7\u00f5es Institucionais, Alexandre Padilha, no Minist\u00e9rio da Agricultura e Pecu\u00e1ria (Mapa), nesta quarta-feira (31\/01), para falar sobre as pautas priorit\u00e1rias da agropecu\u00e1ria brasileira e debater as propostas apresentadas pelo Conselho de Desenvolvimento Econ\u00f4mico Social Sustent\u00e1vel, o Conselh\u00e3o.<\/p>\n<p>Entre as principais propostas apresentadas est\u00e1 a recupera\u00e7\u00e3o de \u00e1reas degradadas. Desde o ano passado, o Mapa vem trabalhando no projeto para a convers\u00e3o de at\u00e9 40 milh\u00f5es de hectares de pastagens de baixa produtividade em \u00e1reas agricult\u00e1veis, o que pode, praticamente, dobrar a \u00e1rea de produ\u00e7\u00e3o de alimentos no Brasil sem desmatamento.<\/p>\n<p>Considerado o maior plano de produ\u00e7\u00e3o sustent\u00e1vel de alimentos do mundo, o projeto se tornou uma a\u00e7\u00e3o do Governo Federal por meio do Decreto n\u00ba 11.815, que instituiu o Programa Nacional de Convers\u00e3o de Pastagens Degradadas em Sistemas de Produ\u00e7\u00e3o.<\/p>\n<p>Padilha entregou as propostas do Grupo de Trabalho \u00c1reas Degradadas do Conselh\u00e3o.<\/p>\n","protected":false},"excerpt":{"rendered":"<p>O ministro da Agricultura e Pecu\u00e1ria, Carlos F\u00e1varo, recebeu o ministro-chefe de Rela\u00e7\u00f5es Institucionais, Alexandre Padilha, no Minist\u00e9rio da Agricultura e Pecu\u00e1ria (Mapa), nesta quarta-feira (31\/01), para falar sobre as pautas priorit\u00e1rias da agropecu\u00e1ria brasileira e debater as propostas apresentadas pelo Conselho de Desenvolvimento Econ\u00f4mico Social Sustent\u00e1vel, o Conselh\u00e3o. Entre as principais propostas apresentadas est\u00e1 &hellip;<\/p>\n","protected":false},"author":1,"featured_media":97732,"comment_status":"open","ping_status":"open","sticky":false,"template":"","format":"standard","meta":{"footnotes":""},"categories":[3],"tags":[],"class_list":["post-121287","post","type-post","status-publish","format-standard","has-post-thumbnail","hentry","category-nordeste"],"_links":{"self":[{"href":"https:\/\/iparaiba.com.br\/index.php\/wp-json\/wp\/v2\/posts\/121287","targetHints":{"allow":["GET"]}}],"collection":[{"href":"https:\/\/iparaiba.com.br\/index.php\/wp-json\/wp\/v2\/posts"}],"about":[{"href":"https:\/\/iparaiba.com.br\/index.php\/wp-json\/wp\/v2\/types\/post"}],"author":[{"embeddable":true,"href":"https:\/\/iparaiba.com.br\/index.php\/wp-json\/wp\/v2\/users\/1"}],"replies":[{"embeddable":true,"href":"https:\/\/iparaiba.com.br\/index.php\/wp-json\/wp\/v2\/comments?post=121287"}],"version-history":[{"count":1,"href":"https:\/\/iparaiba.com.br\/index.php\/wp-json\/wp\/v2\/posts\/121287\/revisions"}],"predecessor-version":[{"id":121317,"href":"https:\/\/iparaiba.com.br\/index.php\/wp-json\/wp\/v2\/posts\/121287\/revisions\/121317"}],"wp:featuredmedia":[{"embeddable":true,"href":"https:\/\/iparaiba.com.br\/index.php\/wp-json\/wp\/v2\/media\/97732"}],"wp:attachment":[{"href":"https:\/\/iparaiba.com.br\/index.php\/wp-json\/wp\/v2\/media?parent=121287"}],"wp:term":[{"taxonomy":"category","embeddable":true,"href":"https:\/\/iparaiba.com.br\/index.php\/wp-json\/wp\/v2\/categories?post=121287"},{"taxonomy":"post_tag","embeddable":true,"href":"https:\/\/iparaiba.com.br\/index.php\/wp-json\/wp\/v2\/tags?post=121287"}],"curies":[{"name":"wp","href":"https:\/\/api.w.org\/{rel}","templated":true}]}}