{"id":121286,"date":"2024-02-02T08:00:53","date_gmt":"2024-02-02T11:00:53","guid":{"rendered":"https:\/\/onordeste.com.br\/?p=121276"},"modified":"2024-02-02T08:00:53","modified_gmt":"2024-02-02T11:00:53","slug":"governo-lanca-campanha-brasil-unido-contra-o-crime","status":"publish","type":"post","link":"https:\/\/iparaiba.com.br\/index.php\/2024\/02\/02\/governo-lanca-campanha-brasil-unido-contra-o-crime\/","title":{"rendered":"Governo lan\u00e7a campanha Brasil Unido contra o Crime"},"content":{"rendered":"<p>Apreens\u00e3o recorde de R$ 7 bilh\u00f5es do tr\u00e1fico. Investimento de R$ 18 bilh\u00f5es em seguran\u00e7a para fortalecer o combate \u00e0 corrup\u00e7\u00e3o e \u00e0s mil\u00edcias e ao controle de fronteiras (aumento de 13%). Pris\u00e3o de mais de 50 mil suspeitos de crimes, incluindo 9,3 mil agressores de mulheres e 1,6 mil investigados por pedofilia e explora\u00e7\u00e3o sexual de crian\u00e7as.<\/p>\n<p>Com a inten\u00e7\u00e3o de dar visibilidade a esses dados e a\u00e7\u00f5es, o Governo Federal lan\u00e7a nesta quarta-feira, 31 de janeiro, uma campanha publicit\u00e1ria voltada para o tema da justi\u00e7a e seguran\u00e7a p\u00fablica. Batizada de Brasil Unido contra o Crime, o conjunto de pe\u00e7as envolve v\u00eddeos para televis\u00e3o, an\u00fancios para ve\u00edculos impressos, banners e posts para divulga\u00e7\u00e3o em redes sociais e spots de r\u00e1dio.<\/p>\n<p>O primeiro v\u00eddeo institucional lan\u00e7a a pergunta: \u201cVoc\u00ea sabia que as pol\u00edcias federais apreenderam mais de R$ 7 bilh\u00f5es dos traficantes, entre dinheiro vivo, im\u00f3veis e autom\u00f3veis de luxo?\u201d. E prossegue: \u201c\u00c9 o Brasil implac\u00e1vel no combate ao crime organizado. \u00c9 o Governo Federal trabalhando junto com estados e munic\u00edpios no combate \u00e0s mil\u00edcias, tr\u00e1fico de drogas e armas. Isso \u00e9 o Brasil unido contra o crime\u201d.<\/p>\n<p>As pe\u00e7as destacam ainda o aumento de 124% nas opera\u00e7\u00f5es de combate aos crimes digitais contra crian\u00e7as e adolescentes, o aumento no n\u00famero de viaturas, dos investimentos em equipamentos, recursos e armas para o policiamento e as parcerias frequentes as Unidades Federativas para reduzir \u00edndices de criminalidade no pa\u00eds.<\/p>\n<p>Nesta quarta-feira, o ministro da Justi\u00e7a e Seguran\u00e7a P\u00fablica, Fl\u00e1vio Dino, concedeu uma entrevista coletiva para fazer um balan\u00e7o das a\u00e7\u00f5es da pasta em 2023 na compara\u00e7\u00e3o com o ano anterior. Entre os dados divulgados, ressaltou um aumento de 27% nos valores repassados aos estados e munic\u00edpios a partir do Fundo Nacional de Seguran\u00e7a P\u00fablica, numa amplia\u00e7\u00e3o da parceria entre governo, estados e munic\u00edpios.<\/p>\n<p>Dino enfatizou tamb\u00e9m a queda de 4,17% nos crimes violentos intencionais (com o n\u00famero de assassinatos no menor patamar em 14 anos). Citou a queda de 40,9% nos roubos a institui\u00e7\u00f5es financeiras que alimentam o chamado \u201cnovo canga\u00e7o\u201d e a redu\u00e7\u00e3o de quase 10% no roubo de ve\u00edculos. Outro dado simb\u00f3lico \u00e9 um total de R$ 897 milh\u00f5es em bens e valores apreendidos no combate \u00e0 corrup\u00e7\u00e3o. E o crescimento de 25% no n\u00famero de apreens\u00f5es de armas ilegais.<\/p>\n<p>\u201cO presidente Lula fixou essa diretriz de combate ao armamentismo irrespons\u00e1vel no nosso pa\u00eds. E n\u00f3s sabemos que isso \u00e9 vital para que n\u00f3s tenhamos armas nas m\u00e3os certas e n\u00e3o uma pol\u00edtica armamentista demag\u00f3gica que n\u00e3o produz efeitos positivos para a sociedade\u201d, afirmou o ministro Fl\u00e1vio Dino.<\/p>\n<p><em>Secretaria de Comunica\u00e7\u00e3o Social da Presid\u00eancia da Rep\u00fablica\u00a0<\/em><\/p>\n","protected":false},"excerpt":{"rendered":"<p>Apreens\u00e3o recorde de R$ 7 bilh\u00f5es do tr\u00e1fico. Investimento de R$ 18 bilh\u00f5es em seguran\u00e7a para fortalecer o combate \u00e0 corrup\u00e7\u00e3o e \u00e0s mil\u00edcias e ao controle de fronteiras (aumento de 13%). Pris\u00e3o de mais de 50 mil suspeitos de crimes, incluindo 9,3 mil agressores de mulheres e 1,6 mil investigados por pedofilia e explora\u00e7\u00e3o &hellip;<\/p>\n","protected":false},"author":1,"featured_media":119154,"comment_status":"open","ping_status":"open","sticky":false,"template":"","format":"standard","meta":{"footnotes":""},"categories":[13],"tags":[],"class_list":["post-121286","post","type-post","status-publish","format-standard","has-post-thumbnail","hentry","category-policial"],"_links":{"self":[{"href":"https:\/\/iparaiba.com.br\/index.php\/wp-json\/wp\/v2\/posts\/121286","targetHints":{"allow":["GET"]}}],"collection":[{"href":"https:\/\/iparaiba.com.br\/index.php\/wp-json\/wp\/v2\/posts"}],"about":[{"href":"https:\/\/iparaiba.com.br\/index.php\/wp-json\/wp\/v2\/types\/post"}],"author":[{"embeddable":true,"href":"https:\/\/iparaiba.com.br\/index.php\/wp-json\/wp\/v2\/users\/1"}],"replies":[{"embeddable":true,"href":"https:\/\/iparaiba.com.br\/index.php\/wp-json\/wp\/v2\/comments?post=121286"}],"version-history":[{"count":1,"href":"https:\/\/iparaiba.com.br\/index.php\/wp-json\/wp\/v2\/posts\/121286\/revisions"}],"predecessor-version":[{"id":121316,"href":"https:\/\/iparaiba.com.br\/index.php\/wp-json\/wp\/v2\/posts\/121286\/revisions\/121316"}],"wp:featuredmedia":[{"embeddable":true,"href":"https:\/\/iparaiba.com.br\/index.php\/wp-json\/wp\/v2\/media\/119154"}],"wp:attachment":[{"href":"https:\/\/iparaiba.com.br\/index.php\/wp-json\/wp\/v2\/media?parent=121286"}],"wp:term":[{"taxonomy":"category","embeddable":true,"href":"https:\/\/iparaiba.com.br\/index.php\/wp-json\/wp\/v2\/categories?post=121286"},{"taxonomy":"post_tag","embeddable":true,"href":"https:\/\/iparaiba.com.br\/index.php\/wp-json\/wp\/v2\/tags?post=121286"}],"curies":[{"name":"wp","href":"https:\/\/api.w.org\/{rel}","templated":true}]}}