{"id":121284,"date":"2024-02-01T19:14:43","date_gmt":"2024-02-01T22:14:43","guid":{"rendered":"https:\/\/onordeste.com.br\/?p=121272"},"modified":"2024-02-01T19:14:43","modified_gmt":"2024-02-01T22:14:43","slug":"prouni-inscricoes-prorrogadas","status":"publish","type":"post","link":"https:\/\/iparaiba.com.br\/index.php\/2024\/02\/01\/prouni-inscricoes-prorrogadas\/","title":{"rendered":"Prouni: inscri\u00e7\u00f5es prorrogadas"},"content":{"rendered":"<p style=\"font-weight: 400;\"><span data-contrast=\"auto\">O processo seletivo do primeiro semestre\u00a0de 2024\u00a0do Programa Universidade para Todos (Prouni) alcan\u00e7ou a marca de\u00a01.128.568\u00a0inscri\u00e7\u00f5es nesta\u00a0quarta-feira (31\/01).\u00a0De acordo com o levantamento parcial realizado, \u00e0s\u00a020h\u00a0(hor\u00e1rio de Bras\u00edlia), pelo Minist\u00e9rio da educa\u00e7\u00e3o, o programa registrou\u00a0920.959 inscritos. Cada candidato pode optar por at\u00e9 dois cursos.\u00a0<\/span><span data-contrast=\"auto\">Nessa edi\u00e7\u00e3o do Prouni, s\u00e3o ofertadas 406.428\u202fbolsas, sendo 308.977 integrais (100%) e 97.451\u202fparciais\u202f(50%), distribu\u00eddas em\u202f15.482\u202fcursos,\u202fde 1.028\u202finstitui\u00e7\u00f5es participantes.\u202f\u202f\u202f<\/span><span data-ccp-props=\"{&quot;201341983&quot;:0,&quot;335559739&quot;:0,&quot;335559740&quot;:240}\">\u00a0<\/span><\/p>\n<p style=\"font-weight: 400;\"><b><strong><span data-contrast=\"auto\">Inscri\u00e7\u00f5es\u202f\u2013\u202f<\/span><\/strong><\/b><span data-contrast=\"auto\">As inscri\u00e7\u00f5es\u202fno Prouni\u00a02024\u00a0foram prorrogadas e\u00a0ir\u00e3o at\u00e9 o dia\u00a02\u00a0de fevereiro,\u00a0pelo\u202f<\/span><a style=\"font-weight: 500;\" href=\"https:\/\/acessounico.mec.gov.br\/prouni\"><span data-contrast=\"none\">Portal \u00danico de Acesso ao Ensino Superior<\/span><\/a><span data-contrast=\"none\">.<\/span><span data-contrast=\"auto\">\u202fPara se inscrever, o participante precisa ter cadastro\u202fno login \u00fanico do\u202fgoverno\u202ffederal e criar uma conta no gov.br. Caso j\u00e1 o\u202ftenha, basta realizar\u202fo\u202flogin\u202fcom o\u202fCadastro de Pessoa F\u00edsica\u202f(CPF)\u202fe\u202fa\u202fsenha.\u202fAs inscri\u00e7\u00f5es\u202fno\u202fProuni\u202fs\u00e3o gratuitas e devem ser efetuadas,\u202fexclusivamente, pela internet.\u202f\u202f<\/span><\/p>\n<p style=\"font-weight: 400;\"><b><strong><span data-contrast=\"auto\">Resultado\u202f\u2013<\/span><\/strong><\/b><span data-contrast=\"auto\"><b><strong>\u202f<\/strong><\/b>O\u202fprocesso seletivo do\u202fprimeiro\u202fProuni\u202fde 2024\u202fser\u00e1 constitu\u00eddo por duas chamadas sucessivas.\u202fOs resultados com a lista dos\u202fcandidatos\u202fpr\u00e9-selecionados\u202festar\u00e3o dispon\u00edveis\u202fno Portal\u202f\u00danico de\u202fAcesso\u202fem 6 de fevereiro (primeira chamada) e 27 de fevereiro (segunda chamada).\u202f<\/span><span data-ccp-props=\"{&quot;134233117&quot;:false,&quot;134233118&quot;:false,&quot;201341983&quot;:0,&quot;335559738&quot;:0,&quot;335559739&quot;:0,&quot;335559740&quot;:240}\">\u00a0<\/span><\/p>\n<p style=\"font-weight: 400;\"><b><strong>Prouni\u202f\u2013\u202f<\/strong><\/b><span data-contrast=\"auto\">O\u202fPrograma Universidade para Todos\u202foferta bolsas de estudo (integrais e parciais) em cursos de gradua\u00e7\u00e3o e sequenciais de forma\u00e7\u00e3o espec\u00edfica, em institui\u00e7\u00f5es de educa\u00e7\u00e3o superior privadas.\u202fO p\u00fablico-alvo \u00e9 o estudante sem diploma de n\u00edvel superior. O\u202fProuni\u202ftem\u00a0duas\u202fedi\u00e7\u00f5es por\u202fano,\u202fcom oferta de bolsas para ingresso no primeiro e no segundo semestres.\u202fO\u202fPrograma foi criado em 2004, pela Lei n. 11.096\/2005.\u202f<\/span><span data-contrast=\"auto\">\u202f\u202f<\/span><span data-ccp-props=\"{&quot;201341983&quot;:0,&quot;335559739&quot;:0,&quot;335559740&quot;:240}\">\u00a0<\/span><\/p>\n<p style=\"font-weight: 400;\"><em style=\"font-weight: 400;\">Por: Minist\u00e9rio da Educa\u00e7\u00e3o<\/em><\/p>\n","protected":false},"excerpt":{"rendered":"<p>O processo seletivo do primeiro semestre\u00a0de 2024\u00a0do Programa Universidade para Todos (Prouni) alcan\u00e7ou a marca de\u00a01.128.568\u00a0inscri\u00e7\u00f5es nesta\u00a0quarta-feira (31\/01).\u00a0De acordo com o levantamento parcial realizado, \u00e0s\u00a020h\u00a0(hor\u00e1rio de Bras\u00edlia), pelo Minist\u00e9rio da educa\u00e7\u00e3o, o programa registrou\u00a0920.959 inscritos. Cada candidato pode optar por at\u00e9 dois cursos.\u00a0Nessa edi\u00e7\u00e3o do Prouni, s\u00e3o ofertadas 406.428\u202fbolsas, sendo 308.977 integrais (100%) e 97.451\u202fparciais\u202f(50%), &hellip;<\/p>\n","protected":false},"author":1,"featured_media":99923,"comment_status":"open","ping_status":"open","sticky":false,"template":"","format":"standard","meta":{"footnotes":""},"categories":[11],"tags":[],"class_list":["post-121284","post","type-post","status-publish","format-standard","has-post-thumbnail","hentry","category-educacao"],"_links":{"self":[{"href":"https:\/\/iparaiba.com.br\/index.php\/wp-json\/wp\/v2\/posts\/121284","targetHints":{"allow":["GET"]}}],"collection":[{"href":"https:\/\/iparaiba.com.br\/index.php\/wp-json\/wp\/v2\/posts"}],"about":[{"href":"https:\/\/iparaiba.com.br\/index.php\/wp-json\/wp\/v2\/types\/post"}],"author":[{"embeddable":true,"href":"https:\/\/iparaiba.com.br\/index.php\/wp-json\/wp\/v2\/users\/1"}],"replies":[{"embeddable":true,"href":"https:\/\/iparaiba.com.br\/index.php\/wp-json\/wp\/v2\/comments?post=121284"}],"version-history":[{"count":1,"href":"https:\/\/iparaiba.com.br\/index.php\/wp-json\/wp\/v2\/posts\/121284\/revisions"}],"predecessor-version":[{"id":121314,"href":"https:\/\/iparaiba.com.br\/index.php\/wp-json\/wp\/v2\/posts\/121284\/revisions\/121314"}],"wp:featuredmedia":[{"embeddable":true,"href":"https:\/\/iparaiba.com.br\/index.php\/wp-json\/wp\/v2\/media\/99923"}],"wp:attachment":[{"href":"https:\/\/iparaiba.com.br\/index.php\/wp-json\/wp\/v2\/media?parent=121284"}],"wp:term":[{"taxonomy":"category","embeddable":true,"href":"https:\/\/iparaiba.com.br\/index.php\/wp-json\/wp\/v2\/categories?post=121284"},{"taxonomy":"post_tag","embeddable":true,"href":"https:\/\/iparaiba.com.br\/index.php\/wp-json\/wp\/v2\/tags?post=121284"}],"curies":[{"name":"wp","href":"https:\/\/api.w.org\/{rel}","templated":true}]}}