{"id":121283,"date":"2024-02-01T17:00:26","date_gmt":"2024-02-01T20:00:26","guid":{"rendered":"https:\/\/onordeste.com.br\/?p=121270"},"modified":"2024-02-01T17:00:26","modified_gmt":"2024-02-01T20:00:26","slug":"lula-da-posse-de-ministro-da-justica-e-seguranca-publica-a-ricardo-lewandowski","status":"publish","type":"post","link":"https:\/\/iparaiba.com.br\/index.php\/2024\/02\/01\/lula-da-posse-de-ministro-da-justica-e-seguranca-publica-a-ricardo-lewandowski\/","title":{"rendered":"Lula d\u00e1 posse de ministro da Justi\u00e7a e Seguran\u00e7a P\u00fablica a Ricardo Lewandowski"},"content":{"rendered":"<p>O presidente da Rep\u00fablica, Luiz In\u00e1cio Lula da Silva, dar\u00e1 posse ao senhor Enrique Ricardo Lewandowski no cargo de ministro de Estado da Justi\u00e7a e Seguran\u00e7a P\u00fablica, nesta quinta-feira, 1\u00ba de fevereiro, \u00e0s 11h, no Pal\u00e1cio do Planalto.<\/p>\n<p>A nomea\u00e7\u00e3o de Ricardo Lewandowski para o cargo de ministro de Estado da Justi\u00e7a e Seguran\u00e7a P\u00fablica foi publicada em edi\u00e7\u00e3o extra do Di\u00e1rio Oficial da Uni\u00e3o (DOU) no dia 22 de janeiro, no entanto, o\u00a0decreto deixou a nomea\u00e7\u00e3o v\u00e1lida a partir do dia 1\u00ba de fevereiro.<\/p>\n<p>Lewandowski substitui Fl\u00e1vio Dino, que assumir\u00e1 uma vaga de ministro do Supremo Tribunal Federal (STF), tamb\u00e9m por indica\u00e7\u00e3o de Lula, aprovada pelo Senado em dezembro do ano passado.<\/p>\n<p>Lewandowski deixou o cargo de ministro do STF em 11 de abril de 2023, ap\u00f3s ter antecipado em um m\u00eas sua aposentadoria.<\/p>\n<p>Indicado \u00e0 Suprema Corte em 2006 pelo pr\u00f3prio presidente Lula, o novo ministro da Justi\u00e7a e Seguran\u00e7a P\u00fablica presidiu o STF e o Conselho Nacional de Justi\u00e7a (CNJ) entre 2014 e 2016. Foi tamb\u00e9m presidente do Tribunal Superior Eleitoral (TSE) entre 2010 e 2012.<\/p>\n<p>Nascido no Rio de Janeiro, o ex-ministro \u00e9 formado pela Universidade de S\u00e3o Paulo (USP), mesma institui\u00e7\u00e3o pela qual se tornou mestre e doutor e na qual leciona desde 1978.<\/p>\n<p>Por: Ag\u00eancia Gov<\/p>\n","protected":false},"excerpt":{"rendered":"<p>O presidente da Rep\u00fablica, Luiz In\u00e1cio Lula da Silva, dar\u00e1 posse ao senhor Enrique Ricardo Lewandowski no cargo de ministro de Estado da Justi\u00e7a e Seguran\u00e7a P\u00fablica, nesta quinta-feira, 1\u00ba de fevereiro, \u00e0s 11h, no Pal\u00e1cio do Planalto. A nomea\u00e7\u00e3o de Ricardo Lewandowski para o cargo de ministro de Estado da Justi\u00e7a e Seguran\u00e7a P\u00fablica &hellip;<\/p>\n","protected":false},"author":1,"featured_media":98348,"comment_status":"open","ping_status":"open","sticky":false,"template":"","format":"standard","meta":{"footnotes":""},"categories":[7],"tags":[],"class_list":["post-121283","post","type-post","status-publish","format-standard","has-post-thumbnail","hentry","category-diversas"],"_links":{"self":[{"href":"https:\/\/iparaiba.com.br\/index.php\/wp-json\/wp\/v2\/posts\/121283","targetHints":{"allow":["GET"]}}],"collection":[{"href":"https:\/\/iparaiba.com.br\/index.php\/wp-json\/wp\/v2\/posts"}],"about":[{"href":"https:\/\/iparaiba.com.br\/index.php\/wp-json\/wp\/v2\/types\/post"}],"author":[{"embeddable":true,"href":"https:\/\/iparaiba.com.br\/index.php\/wp-json\/wp\/v2\/users\/1"}],"replies":[{"embeddable":true,"href":"https:\/\/iparaiba.com.br\/index.php\/wp-json\/wp\/v2\/comments?post=121283"}],"version-history":[{"count":1,"href":"https:\/\/iparaiba.com.br\/index.php\/wp-json\/wp\/v2\/posts\/121283\/revisions"}],"predecessor-version":[{"id":121313,"href":"https:\/\/iparaiba.com.br\/index.php\/wp-json\/wp\/v2\/posts\/121283\/revisions\/121313"}],"wp:featuredmedia":[{"embeddable":true,"href":"https:\/\/iparaiba.com.br\/index.php\/wp-json\/wp\/v2\/media\/98348"}],"wp:attachment":[{"href":"https:\/\/iparaiba.com.br\/index.php\/wp-json\/wp\/v2\/media?parent=121283"}],"wp:term":[{"taxonomy":"category","embeddable":true,"href":"https:\/\/iparaiba.com.br\/index.php\/wp-json\/wp\/v2\/categories?post=121283"},{"taxonomy":"post_tag","embeddable":true,"href":"https:\/\/iparaiba.com.br\/index.php\/wp-json\/wp\/v2\/tags?post=121283"}],"curies":[{"name":"wp","href":"https:\/\/api.w.org\/{rel}","templated":true}]}}