{"id":121282,"date":"2024-02-01T15:00:54","date_gmt":"2024-02-01T18:00:54","guid":{"rendered":"https:\/\/onordeste.com.br\/?p=121268"},"modified":"2024-02-01T15:00:54","modified_gmt":"2024-02-01T18:00:54","slug":"e-lei-psicologos-obstetras-podem-acompanhar-trabalho-de-parto","status":"publish","type":"post","link":"https:\/\/iparaiba.com.br\/index.php\/2024\/02\/01\/e-lei-psicologos-obstetras-podem-acompanhar-trabalho-de-parto\/","title":{"rendered":"\u00c9 Lei: psic\u00f3logos obstetras podem acompanhar trabalho de parto"},"content":{"rendered":"<p>As maternidades e casas de parto da rede p\u00fablica e privada da Capital devem permitir a presen\u00e7a de psic\u00f3logos obstetras durante o trabalho de parto e p\u00f3s-parto, sempre que solicitado pela parturiente. \u00c9 o que prev\u00ea a Lei , aprovada pela C\u00e2mara Municipal de Jo\u00e3o Pessoa (CMJP) e sancionada pelo prefeito C\u00edcero Lucena (PP).<\/p>\n<div><a href=\"https:\/\/sapl.joaopessoa.pb.leg.br\/media\/sapl\/public\/normajuridica\/2023\/19420\/lei_no_14803-2023.pdf\" target=\"_blank\" rel=\"noopener\" data-saferedirecturl=\"https:\/\/www.google.com\/url?q=https:\/\/sapl.joaopessoa.pb.leg.br\/media\/sapl\/public\/normajuridica\/2023\/19420\/lei_no_14803-2023.pdf&amp;source=gmail&amp;ust=1706882363338000&amp;usg=AOvVaw2_AzsLZuDA6GVQqoqWQdtl\">14.803\/2023<\/a><\/div>\n<div><\/div>\n<p>\u201cSabe-se que o parto \u00e9 um momento muito delicado para a mulher, especialmente para aquelas que s\u00e3o m\u00e3es de primeira viagem. Por isso, contar com suporte profissional humanizado em todas as etapas, at\u00e9 o nascimento do beb\u00ea, faz toda diferen\u00e7a\u201d, defendeu o autor da lei, vereador Coronel Sobreira (MDB).<\/p>\n<p>A norma deixa claro que a presen\u00e7a de psic\u00f3logo obstetra n\u00e3o se confunde com a de um acompanhante, direito previsto na Lei Federal 11.108\/2005. A lei tamb\u00e9m prev\u00ea que \u00e9 vedado aos estabelecimentos de sa\u00fade fazer qualquer cobran\u00e7a adicional pela presen\u00e7a de psic\u00f3logo obstetra durante o per\u00edodo de interna\u00e7\u00e3o da parturiente.<\/p>\n","protected":false},"excerpt":{"rendered":"<p>As maternidades e casas de parto da rede p\u00fablica e privada da Capital devem permitir a presen\u00e7a de psic\u00f3logos obstetras durante o trabalho de parto e p\u00f3s-parto, sempre que solicitado pela parturiente. \u00c9 o que prev\u00ea a Lei , aprovada pela C\u00e2mara Municipal de Jo\u00e3o Pessoa (CMJP) e sancionada pelo prefeito C\u00edcero Lucena (PP). 14.803\/2023 &hellip;<\/p>\n","protected":false},"author":1,"featured_media":106738,"comment_status":"open","ping_status":"open","sticky":false,"template":"","format":"standard","meta":{"footnotes":""},"categories":[2],"tags":[],"class_list":["post-121282","post","type-post","status-publish","format-standard","has-post-thumbnail","hentry","category-saude"],"_links":{"self":[{"href":"https:\/\/iparaiba.com.br\/index.php\/wp-json\/wp\/v2\/posts\/121282","targetHints":{"allow":["GET"]}}],"collection":[{"href":"https:\/\/iparaiba.com.br\/index.php\/wp-json\/wp\/v2\/posts"}],"about":[{"href":"https:\/\/iparaiba.com.br\/index.php\/wp-json\/wp\/v2\/types\/post"}],"author":[{"embeddable":true,"href":"https:\/\/iparaiba.com.br\/index.php\/wp-json\/wp\/v2\/users\/1"}],"replies":[{"embeddable":true,"href":"https:\/\/iparaiba.com.br\/index.php\/wp-json\/wp\/v2\/comments?post=121282"}],"version-history":[{"count":1,"href":"https:\/\/iparaiba.com.br\/index.php\/wp-json\/wp\/v2\/posts\/121282\/revisions"}],"predecessor-version":[{"id":121312,"href":"https:\/\/iparaiba.com.br\/index.php\/wp-json\/wp\/v2\/posts\/121282\/revisions\/121312"}],"wp:featuredmedia":[{"embeddable":true,"href":"https:\/\/iparaiba.com.br\/index.php\/wp-json\/wp\/v2\/media\/106738"}],"wp:attachment":[{"href":"https:\/\/iparaiba.com.br\/index.php\/wp-json\/wp\/v2\/media?parent=121282"}],"wp:term":[{"taxonomy":"category","embeddable":true,"href":"https:\/\/iparaiba.com.br\/index.php\/wp-json\/wp\/v2\/categories?post=121282"},{"taxonomy":"post_tag","embeddable":true,"href":"https:\/\/iparaiba.com.br\/index.php\/wp-json\/wp\/v2\/tags?post=121282"}],"curies":[{"name":"wp","href":"https:\/\/api.w.org\/{rel}","templated":true}]}}