{"id":121265,"date":"2024-01-23T17:13:38","date_gmt":"2024-01-23T20:13:38","guid":{"rendered":"https:\/\/onordeste.com.br\/?p=121225"},"modified":"2024-01-23T17:13:38","modified_gmt":"2024-01-23T20:13:38","slug":"cameras-nas-ubs-prefeitura-explica-que-lei-sancionada-nao-tem-carater-obrigatorio","status":"publish","type":"post","link":"https:\/\/iparaiba.com.br\/index.php\/2024\/01\/23\/cameras-nas-ubs-prefeitura-explica-que-lei-sancionada-nao-tem-carater-obrigatorio\/","title":{"rendered":"C\u00c2MERAS NAS UBS: &#8211; Prefeitura explica que lei sancionada n\u00e3o tem car\u00e1ter obrigat\u00f3rio"},"content":{"rendered":"<p>Atrav\u00e9s de nota, a Prefeitura de Campina Grande presta explica\u00e7\u00f5es sobre conte\u00fado de mat\u00e9ria publicada nesta sexta-feira, 19, por blog\u00a0 sob o t\u00edtulo: &#8220;Campina: sancionada lei que obriga instala\u00e7\u00e3o de c\u00e2meras em consult\u00f3rios de UBS e CRM contesta&#8221;.<\/p>\n<p>Segundo o jornalista Marcos Alfredo, secret\u00e1rio chefe do Gabinete do Prefeito e coordenador de Comunica\u00e7\u00e3o da Prefeitura de Campina Grande, existem dois pontos relevantes que precisam ser destacados.<\/p>\n<p>Em primeiro lugar, segundo Marcos Alfredo, a lei, de autoria da vereadora Fabiana Gomes, sancionada pelo prefeito Bruno Cunha Lima em 29 dezembro passado, \u00e9 de car\u00e1ter AUTORIZATIVO, e n\u00e3o OBRIGAT\u00d3RIO, como destaca o blog.<\/p>\n<p>O secret\u00e1rio explica que, se o Munic\u00edpio entender por bem \u00a0implementar e regulamentar a lei, certamente n\u00e3o o far\u00e1 em rela\u00e7\u00e3o \u00e0s salas de atendimento, que, de fato, gozam de privacidade em raz\u00e3o do sigilo da rela\u00e7\u00e3o m\u00e9dico paciente<\/p>\n<p>No m\u00e9rito, ressalta Alfredo, excetuando-se a parte que trata das salas de atendimento &#8211; que efetivamente n\u00e3o ser\u00e1 levada em considera\u00e7\u00e3o na regulamenta\u00e7\u00e3o da lei &#8211; a \u00a0origin\u00e1ria da proposta legislativa de Fabiana Gomes tem o m\u00e9rito trazer \u00e0 tona uma tem\u00e1tica pertinente, j\u00e1 que diz respeito \u00e0 seguran\u00e7a das unidades de sa\u00fade, dos profissionais que nela trabalham e dos pacientes e popula\u00e7\u00e3o usu\u00e1ria.<\/p>\n","protected":false},"excerpt":{"rendered":"<p>Atrav\u00e9s de nota, a Prefeitura de Campina Grande presta explica\u00e7\u00f5es sobre conte\u00fado de mat\u00e9ria publicada nesta sexta-feira, 19, por blog\u00a0 sob o t\u00edtulo: &#8220;Campina: sancionada lei que obriga instala\u00e7\u00e3o de c\u00e2meras em consult\u00f3rios de UBS e CRM contesta&#8221;. Segundo o jornalista Marcos Alfredo, secret\u00e1rio chefe do Gabinete do Prefeito e coordenador de Comunica\u00e7\u00e3o da Prefeitura &hellip;<\/p>\n","protected":false},"author":1,"featured_media":109412,"comment_status":"open","ping_status":"open","sticky":false,"template":"","format":"standard","meta":{"footnotes":""},"categories":[2],"tags":[],"class_list":["post-121265","post","type-post","status-publish","format-standard","has-post-thumbnail","hentry","category-saude"],"_links":{"self":[{"href":"https:\/\/iparaiba.com.br\/index.php\/wp-json\/wp\/v2\/posts\/121265","targetHints":{"allow":["GET"]}}],"collection":[{"href":"https:\/\/iparaiba.com.br\/index.php\/wp-json\/wp\/v2\/posts"}],"about":[{"href":"https:\/\/iparaiba.com.br\/index.php\/wp-json\/wp\/v2\/types\/post"}],"author":[{"embeddable":true,"href":"https:\/\/iparaiba.com.br\/index.php\/wp-json\/wp\/v2\/users\/1"}],"replies":[{"embeddable":true,"href":"https:\/\/iparaiba.com.br\/index.php\/wp-json\/wp\/v2\/comments?post=121265"}],"version-history":[{"count":0,"href":"https:\/\/iparaiba.com.br\/index.php\/wp-json\/wp\/v2\/posts\/121265\/revisions"}],"wp:featuredmedia":[{"embeddable":true,"href":"https:\/\/iparaiba.com.br\/index.php\/wp-json\/wp\/v2\/media\/109412"}],"wp:attachment":[{"href":"https:\/\/iparaiba.com.br\/index.php\/wp-json\/wp\/v2\/media?parent=121265"}],"wp:term":[{"taxonomy":"category","embeddable":true,"href":"https:\/\/iparaiba.com.br\/index.php\/wp-json\/wp\/v2\/categories?post=121265"},{"taxonomy":"post_tag","embeddable":true,"href":"https:\/\/iparaiba.com.br\/index.php\/wp-json\/wp\/v2\/tags?post=121265"}],"curies":[{"name":"wp","href":"https:\/\/api.w.org\/{rel}","templated":true}]}}