{"id":121259,"date":"2024-01-25T17:37:39","date_gmt":"2024-01-25T20:37:39","guid":{"rendered":"https:\/\/onordeste.com.br\/?p=121251"},"modified":"2024-01-25T17:37:39","modified_gmt":"2024-01-25T20:37:39","slug":"policia-prende-casal-que-cometeu-extorsao-mediante-sequestro-contra-musico","status":"publish","type":"post","link":"https:\/\/iparaiba.com.br\/index.php\/2024\/01\/25\/policia-prende-casal-que-cometeu-extorsao-mediante-sequestro-contra-musico\/","title":{"rendered":"Pol\u00edcia \u2018prende\u2019 casal que cometeu extors\u00e3o mediante sequestro contra m\u00fasico"},"content":{"rendered":"<p>Em apenas uma semana, a Pol\u00edcia Civil da Para\u00edba, por meio da Delegacia de Roubos e Furtos (DRF) de Campina Grande, investigou, identificou, solicitou mandados de busca e pris\u00e3o \u00e0 justi\u00e7a e prendeu, nesta segunda-feira, 22 de janeiro, o suspeito de ter sequestrado um m\u00fasico na cidade.<\/p>\n<p dir=\"ltr\">O crime aconteceu no dia 14 deste m\u00eas, por tr\u00e1s do shopping Partage, no bairro do Catol\u00e9. Sob uma arma de fogo apontada \u00e0 cabe\u00e7a, a v\u00edtima foi obrigada a realizar v\u00e1rias transfer\u00eancias via pix para contas indicadas pelos investigados.<\/p>\n<p dir=\"ltr\">Os policiais prenderam um homem de 18 anos de idade, no bairro do Jos\u00e9 Pinheiro, e apreenderam o seu companheiro, adolescente de 17 anos que j\u00e1 foi internado no Lar do Garoto por ter cometido ato infracional semelhante a extors\u00e3o mediante sequestro.<\/p>\n<p dir=\"ltr\">A opera\u00e7\u00e3o foi intitulada \u2018Serial Pix\u2019. A pris\u00e3o e a apreens\u00e3o foram comunicadas \u00e0 justi\u00e7a, ao Minist\u00e9rio P\u00fablico e \u00e0 Defensoria P\u00fablica.<\/p>\n","protected":false},"excerpt":{"rendered":"<p>Em apenas uma semana, a Pol\u00edcia Civil da Para\u00edba, por meio da Delegacia de Roubos e Furtos (DRF) de Campina Grande, investigou, identificou, solicitou mandados de busca e pris\u00e3o \u00e0 justi\u00e7a e prendeu, nesta segunda-feira, 22 de janeiro, o suspeito de ter sequestrado um m\u00fasico na cidade. O crime aconteceu no dia 14 deste m\u00eas, &hellip;<\/p>\n","protected":false},"author":1,"featured_media":119197,"comment_status":"open","ping_status":"open","sticky":false,"template":"","format":"standard","meta":{"footnotes":""},"categories":[13],"tags":[],"class_list":["post-121259","post","type-post","status-publish","format-standard","has-post-thumbnail","hentry","category-policial"],"_links":{"self":[{"href":"https:\/\/iparaiba.com.br\/index.php\/wp-json\/wp\/v2\/posts\/121259","targetHints":{"allow":["GET"]}}],"collection":[{"href":"https:\/\/iparaiba.com.br\/index.php\/wp-json\/wp\/v2\/posts"}],"about":[{"href":"https:\/\/iparaiba.com.br\/index.php\/wp-json\/wp\/v2\/types\/post"}],"author":[{"embeddable":true,"href":"https:\/\/iparaiba.com.br\/index.php\/wp-json\/wp\/v2\/users\/1"}],"replies":[{"embeddable":true,"href":"https:\/\/iparaiba.com.br\/index.php\/wp-json\/wp\/v2\/comments?post=121259"}],"version-history":[{"count":1,"href":"https:\/\/iparaiba.com.br\/index.php\/wp-json\/wp\/v2\/posts\/121259\/revisions"}],"predecessor-version":[{"id":121278,"href":"https:\/\/iparaiba.com.br\/index.php\/wp-json\/wp\/v2\/posts\/121259\/revisions\/121278"}],"wp:featuredmedia":[{"embeddable":true,"href":"https:\/\/iparaiba.com.br\/index.php\/wp-json\/wp\/v2\/media\/119197"}],"wp:attachment":[{"href":"https:\/\/iparaiba.com.br\/index.php\/wp-json\/wp\/v2\/media?parent=121259"}],"wp:term":[{"taxonomy":"category","embeddable":true,"href":"https:\/\/iparaiba.com.br\/index.php\/wp-json\/wp\/v2\/categories?post=121259"},{"taxonomy":"post_tag","embeddable":true,"href":"https:\/\/iparaiba.com.br\/index.php\/wp-json\/wp\/v2\/tags?post=121259"}],"curies":[{"name":"wp","href":"https:\/\/api.w.org\/{rel}","templated":true}]}}