{"id":121256,"date":"2024-01-25T12:00:58","date_gmt":"2024-01-25T15:00:58","guid":{"rendered":"https:\/\/onordeste.com.br\/?p=121245"},"modified":"2024-01-25T12:00:58","modified_gmt":"2024-01-25T15:00:58","slug":"portal-da-sefaz-pb-libera-consulta-do-valor-do-ipva-2024","status":"publish","type":"post","link":"https:\/\/iparaiba.com.br\/index.php\/2024\/01\/25\/portal-da-sefaz-pb-libera-consulta-do-valor-do-ipva-2024\/","title":{"rendered":"Portal da Sefaz-PB libera consulta do valor do IPVA 2024"},"content":{"rendered":"<p>Os propriet\u00e1rios de ve\u00edculos no Estado da Para\u00edba j\u00e1 podem consultar o valor do IPVA (Imposto sobre a Propriedade de Ve\u00edculos Automotores) do exerc\u00edcio 2024. A Secretaria de Estado da Fazenda (Sefaz-PB) liberou em seu portal, com base na pesquisa da tabela da Fipe (Funda\u00e7\u00e3o Instituto de Pesquisas Econ\u00f4micas), o valor do tributo do pr\u00f3ximo ano de cada modelo e segmento. A consulta pode ser feita por meio do link\u00a0<a class=\"external-link\" title=\"\" href=\"https:\/\/www.sefaz.pb.gov.br\/images\/docs\/informativos\/RELATRIO-DE-VALORES-DE-IPVA-DE-VECULOS---EXERCCIO-DE--2024.pdf\" target=\"_self\" data-tippreview-enabled=\"false\" data-tippreview-image=\"\" data-tippreview-title=\"\" rel=\"noopener\">https:\/\/www.sefaz.pb.gov.br\/images\/docs\/informativos\/RELATRIO-DE-VALORES-DE-IPVA-DE-VECULOS&#8212;EXERCCIO-DE&#8211;2024.pdf<\/a><\/p>\n<p>Para saber o valor do IPVA, os donos de ve\u00edculos precisam apenas de algumas caracter\u00edsticas como, por exemplo, ano de fabrica\u00e7\u00e3o e a descri\u00e7\u00e3o do modelo do ve\u00edculo para identificar o valor do tributo que ser\u00e1 pago, a partir de janeiro de 2024. O IPVA de cada ve\u00edculo sofre altera\u00e7\u00f5es com as especifica\u00e7\u00f5es de cada um dos modelos. O valor de mercado de cada ve\u00edculo foi definido pela pesquisa da tabela Fipe.<\/p>\n<p><b>REDU\u00c7\u00c3O M\u00c9DIA \u2013\u00a0<\/b>A redu\u00e7\u00e3o m\u00e9dia do valor do IPVA 2024 nos diversos segmentos de ve\u00edculos ser\u00e1 de 2,99%. Por segmento, o carro de passeio\/autom\u00f3vel ter\u00e1 a maior redu\u00e7\u00e3o m\u00e9dia do IPVA com queda de 3,99%.<\/p>\n<p><b>FROTA E ISEN\u00c7\u00c3O \u2013\u00a0<\/b>Atualmente, a Para\u00edba tem uma frota total de 1,5 milh\u00e3o de ve\u00edculos, mas a frota tribut\u00e1vel exclui os ve\u00edculos com isen\u00e7\u00e3o como, por exemplo, ve\u00edculos acima de 15 anos de uso, ou seja, fabricados at\u00e9 o ano 2008, e propriet\u00e1rios de motocicletas de at\u00e9 170 cilindradas.\u00a0 H\u00e1 tamb\u00e9m outras categorias isentas como portadores de defici\u00eancia f\u00edsica, visual, mental ou autista; taxistas e de ve\u00edculos cadastrados no Minist\u00e9rio do Turismo na qualidade de transporte tur\u00edstico.<\/p>\n<p><b>TABELA DE PAGAMENTO \u2013<\/b>\u00a0O calend\u00e1rio de pagamento do Imposto sobre a Propriedade de Ve\u00edculos Automotores (IPVA), referente ao ano de 2024, ser\u00e1 mais uma vez escalonado ao longo de dez meses do ano, seguindo o n\u00famero da placa final do ve\u00edculo. A Sefaz manteve tamb\u00e9m o desconto de 10% na cota \u00fanica \u00e0 vista no pagamento antecipado e a op\u00e7\u00e3o de parcelamento em at\u00e9 tr\u00eas vezes do tributo.<\/p>\n<p>Para a op\u00e7\u00e3o do desconto com 10%, a placa final 1 \u00e9 o m\u00eas de janeiro; a de fevereiro \u00e9 a placa final 2 e segue at\u00e9 o m\u00eas de outubro, que \u00e9 o m\u00eas da placa final zero. A data limite do vencimento para pagamento antecipado com desconto de 10% ser\u00e1 o \u00faltimo dia \u00fatil de cada m\u00eas, no per\u00edodo de janeiro a outubro. O n\u00famero final da placa do ve\u00edculo define o m\u00eas de pagamento antecipado.<\/p>\n","protected":false},"excerpt":{"rendered":"<p>Os propriet\u00e1rios de ve\u00edculos no Estado da Para\u00edba j\u00e1 podem consultar o valor do IPVA (Imposto sobre a Propriedade de Ve\u00edculos Automotores) do exerc\u00edcio 2024. A Secretaria de Estado da Fazenda (Sefaz-PB) liberou em seu portal, com base na pesquisa da tabela da Fipe (Funda\u00e7\u00e3o Instituto de Pesquisas Econ\u00f4micas), o valor do tributo do pr\u00f3ximo &hellip;<\/p>\n","protected":false},"author":1,"featured_media":102730,"comment_status":"open","ping_status":"open","sticky":false,"template":"","format":"standard","meta":{"footnotes":""},"categories":[6],"tags":[],"class_list":["post-121256","post","type-post","status-publish","format-standard","has-post-thumbnail","hentry","category-destaques"],"_links":{"self":[{"href":"https:\/\/iparaiba.com.br\/index.php\/wp-json\/wp\/v2\/posts\/121256","targetHints":{"allow":["GET"]}}],"collection":[{"href":"https:\/\/iparaiba.com.br\/index.php\/wp-json\/wp\/v2\/posts"}],"about":[{"href":"https:\/\/iparaiba.com.br\/index.php\/wp-json\/wp\/v2\/types\/post"}],"author":[{"embeddable":true,"href":"https:\/\/iparaiba.com.br\/index.php\/wp-json\/wp\/v2\/users\/1"}],"replies":[{"embeddable":true,"href":"https:\/\/iparaiba.com.br\/index.php\/wp-json\/wp\/v2\/comments?post=121256"}],"version-history":[{"count":1,"href":"https:\/\/iparaiba.com.br\/index.php\/wp-json\/wp\/v2\/posts\/121256\/revisions"}],"predecessor-version":[{"id":121275,"href":"https:\/\/iparaiba.com.br\/index.php\/wp-json\/wp\/v2\/posts\/121256\/revisions\/121275"}],"wp:featuredmedia":[{"embeddable":true,"href":"https:\/\/iparaiba.com.br\/index.php\/wp-json\/wp\/v2\/media\/102730"}],"wp:attachment":[{"href":"https:\/\/iparaiba.com.br\/index.php\/wp-json\/wp\/v2\/media?parent=121256"}],"wp:term":[{"taxonomy":"category","embeddable":true,"href":"https:\/\/iparaiba.com.br\/index.php\/wp-json\/wp\/v2\/categories?post=121256"},{"taxonomy":"post_tag","embeddable":true,"href":"https:\/\/iparaiba.com.br\/index.php\/wp-json\/wp\/v2\/tags?post=121256"}],"curies":[{"name":"wp","href":"https:\/\/api.w.org\/{rel}","templated":true}]}}