{"id":121251,"date":"2024-01-24T14:00:55","date_gmt":"2024-01-24T17:00:55","guid":{"rendered":"https:\/\/onordeste.com.br\/?p=121235"},"modified":"2024-01-24T14:00:55","modified_gmt":"2024-01-24T17:00:55","slug":"projeto-para-reajustar-em-ate-8-salarios-do-magisterio","status":"publish","type":"post","link":"https:\/\/iparaiba.com.br\/index.php\/2024\/01\/24\/projeto-para-reajustar-em-ate-8-salarios-do-magisterio\/","title":{"rendered":"Projeto para reajustar em at\u00e9 8% sal\u00e1rios do Magist\u00e9rio"},"content":{"rendered":"<p>O prefeito Bruno Cunha Lima encaminha \u00e0 Camara de Vereadores de Campina Grande, nesta ter\u00e7a-feira, 23, projeto de lei que reajusta o Piso do Magist\u00e9rio Municipal. Na pr\u00e1tica, o percentual sugerido por Bruno \u00e9 mais que o dobro do valor sugerido para este ano por portaria do Minist\u00e9rio da Educa\u00e7\u00e3o, que \u00e9 de 3,62%. Ao todo, em Campina, ser\u00e3o aplicados 8%, retroativos a janeiro.<\/p>\n<p>De acordo com o prefeito, a proposta para o quadro do Magist\u00e9rio efetivo \u00e9 de 5% de imediato no Sal\u00e1rio Base, mais 3% de abono, retroativo a janeiro. Diferente do reajuste sugerido pelo MEC, que fica abaixo da infla\u00e7\u00e3o (4,62%), o aumento da Prefeitura \u00e9 bem mais consider\u00e1vel. E n\u00e3o fica por a\u00ed.<\/p>\n<p>O texto do projeto de lei estabelece que, a partir de fevereiro, o abono passar\u00e1 por um processo de incorpora\u00e7\u00e3o gradual ao valor do sal\u00e1rio base, com conclus\u00e3o prevista para consolida\u00e7\u00e3o dos 8% de reajuste para novembro deste ano.<\/p>\n<p>Em rela\u00e7\u00e3o aos professores contratados pela Secretaria de Educa\u00e7\u00e3o do Munic\u00edpio, o projeto prev\u00ea igualmente um reajuste de 5%, retroativo a janeiro deste ano.<\/p>\n<p>Codecom<\/p>\n","protected":false},"excerpt":{"rendered":"<p>O prefeito Bruno Cunha Lima encaminha \u00e0 Camara de Vereadores de Campina Grande, nesta ter\u00e7a-feira, 23, projeto de lei que reajusta o Piso do Magist\u00e9rio Municipal. Na pr\u00e1tica, o percentual sugerido por Bruno \u00e9 mais que o dobro do valor sugerido para este ano por portaria do Minist\u00e9rio da Educa\u00e7\u00e3o, que \u00e9 de 3,62%. Ao &hellip;<\/p>\n","protected":false},"author":1,"featured_media":109083,"comment_status":"open","ping_status":"open","sticky":false,"template":"","format":"standard","meta":{"footnotes":""},"categories":[11],"tags":[],"class_list":["post-121251","post","type-post","status-publish","format-standard","has-post-thumbnail","hentry","category-educacao"],"_links":{"self":[{"href":"https:\/\/iparaiba.com.br\/index.php\/wp-json\/wp\/v2\/posts\/121251","targetHints":{"allow":["GET"]}}],"collection":[{"href":"https:\/\/iparaiba.com.br\/index.php\/wp-json\/wp\/v2\/posts"}],"about":[{"href":"https:\/\/iparaiba.com.br\/index.php\/wp-json\/wp\/v2\/types\/post"}],"author":[{"embeddable":true,"href":"https:\/\/iparaiba.com.br\/index.php\/wp-json\/wp\/v2\/users\/1"}],"replies":[{"embeddable":true,"href":"https:\/\/iparaiba.com.br\/index.php\/wp-json\/wp\/v2\/comments?post=121251"}],"version-history":[{"count":1,"href":"https:\/\/iparaiba.com.br\/index.php\/wp-json\/wp\/v2\/posts\/121251\/revisions"}],"predecessor-version":[{"id":121270,"href":"https:\/\/iparaiba.com.br\/index.php\/wp-json\/wp\/v2\/posts\/121251\/revisions\/121270"}],"wp:featuredmedia":[{"embeddable":true,"href":"https:\/\/iparaiba.com.br\/index.php\/wp-json\/wp\/v2\/media\/109083"}],"wp:attachment":[{"href":"https:\/\/iparaiba.com.br\/index.php\/wp-json\/wp\/v2\/media?parent=121251"}],"wp:term":[{"taxonomy":"category","embeddable":true,"href":"https:\/\/iparaiba.com.br\/index.php\/wp-json\/wp\/v2\/categories?post=121251"},{"taxonomy":"post_tag","embeddable":true,"href":"https:\/\/iparaiba.com.br\/index.php\/wp-json\/wp\/v2\/tags?post=121251"}],"curies":[{"name":"wp","href":"https:\/\/api.w.org\/{rel}","templated":true}]}}