{"id":121250,"date":"2024-01-24T12:00:58","date_gmt":"2024-01-24T15:00:58","guid":{"rendered":"https:\/\/onordeste.com.br\/?p=121233"},"modified":"2024-01-24T12:00:58","modified_gmt":"2024-01-24T15:00:58","slug":"rede-dispoe-de-mais-de-700-vagas-para-a-educacao-de-jovens-e-adultos","status":"publish","type":"post","link":"https:\/\/iparaiba.com.br\/index.php\/2024\/01\/24\/rede-dispoe-de-mais-de-700-vagas-para-a-educacao-de-jovens-e-adultos\/","title":{"rendered":"Rede disp\u00f5e de mais de 700 vagas para a Educa\u00e7\u00e3o de Jovens e Adultos"},"content":{"rendered":"<p>A Prefeitura de Campina Grande, atrav\u00e9s da Secretaria de Educa\u00e7\u00e3o (Seduc), segue com matr\u00edculas abertas at\u00e9 o dia 31 de janeiro. Al\u00e9m do Ensino Infantil e Fundamental, a Rede possui tamb\u00e9m a Educa\u00e7\u00e3o de Jovens e Adultos (EJA), para estudantes que n\u00e3o conseguiram realizar o ensino regular na idade certa. No in\u00edcio do per\u00edodo de matr\u00edculas foram disponibilizadas cerca de 900 vagas para a modalidade. Mas, ainda restam mais de 700 vagas para o p\u00fablico em 21 unidades da Rede.<\/p>\n<p>A EJA \u00e9 direcionada para jovens, adultos e idosos, sendo ofertada a partir dos 15 anos de idade de forma presencial para o I ciclo (corresponde aos anos 1\u00b0, 2\u00b0 e 3\u00b0 anos), II ciclo (corresponde ao 4\u00b0 e 5\u00ba anos), III Ciclo (6\u00b0 e 7\u00b0 anos) e IV ciclo (8\u00b0 e 9\u00b0 anos). No ano passado, a Rede contou com cerca de 1 mil estudantes nesta modalidade de ensino.<\/p>\n<p>A coordenadora da EJA, \u00c1dria Viana Maciel, ressaltou que a Rede est\u00e1 pronta para receber aqueles que desejam concluir os estudos no Ensino Fundamental. \u201cNosso objetivo \u00e9 principalmente trazer de volta \u00e0 sala de aula as pessoas que passaram pela escola, mas pararam de estudar e desejam retornar e concluir esse processo de aprendizagem, que funciona em ciclos. Al\u00e9m de espa\u00e7o f\u00edsico adequado, temos excelentes professores e equipe t\u00e9cnica e gestora preparada\u201d, destacou.<\/p>\n<p><strong>Efetiva\u00e7\u00e3o da matr\u00edcula<\/strong><\/p>\n<p>Para realizar a matr\u00edcula, o estudante da Educa\u00e7\u00e3o de Jovens e Adultos (EJA) deve procurar a unidade de ensino com toda a documenta\u00e7\u00e3o necess\u00e1ria. Para fazer a confirma\u00e7\u00e3o \u00e9 necess\u00e1ria a atualiza\u00e7\u00e3o do comprovante de resid\u00eancia e apresenta\u00e7\u00e3o do laudo m\u00e9dico, no caso de estudantes com defici\u00eancia, al\u00e9m da apresenta\u00e7\u00e3o dos seguintes documentos:<\/p>\n<p>\u2022 C\u00f3pia da certid\u00e3o de nascimento\/certid\u00e3o de casamento;<br \/>\n\u2022 Carteira de vacina\u00e7\u00e3o ou atestado atualizado;<br \/>\n\u2022 Duas fotografias 3\u00d74;<br \/>\n\u2022 C\u00f3pia de comprovante de guarda ou tutela (se for o caso);<br \/>\n\u2022 C\u00f3pia do comprovante de resid\u00eancia;<br \/>\n\u2022 Cart\u00e3o do SUS;<br \/>\n\u2022 Cart\u00e3o Sa\u00fade de Verdade;<br \/>\n\u2022 Cart\u00e3o Aux\u00edlio Brasil;<br \/>\n\u2022 N\u00famero do NIS do estudante;<br \/>\n\u2022 CPF e Identidade do estudante;<br \/>\n\u2022 C\u00f3pia do laudo m\u00e9dico para estudantes com defici\u00eancia referente \u00e0 Classifica\u00e7\u00e3o Internacional de Doen\u00e7a (CID).<\/p>\n<p><strong>Unidades com EJA<\/strong>\u00a0\u2013 As matr\u00edculas podem ser efetuadas na escola escolhida pelo estudante. S\u00e3o elas:<br \/>\nAmaro da Costa Barros<br \/>\nAn\u00e9sio Le\u00e3o<br \/>\nAnis Timani<br \/>\nAnt\u00f4nio Alves de Ara\u00fajo<br \/>\nApol\u00f4nia Amorim<br \/>\nCeai Doutor Jo\u00e3o Pereira de Assis<br \/>\nDoutor Chateaubriand<br \/>\nEscritora Lourdes Ramalho<br \/>\nF\u00e9lix Ara\u00fajo<br \/>\nHenrique Guilhermino Barbosa<br \/>\nJos\u00e9 Guilhermino Barbosa<br \/>\nJoselita Brasileiro<br \/>\nLafayete Cavalcante<br \/>\nLions Prata<br \/>\nLu\u00eds Juvino Gomes<br \/>\nManoel da Costa Cirne<br \/>\nMariinha Borborema<br \/>\nPadre Em\u00eddio Viana<br \/>\nRivanildo Sandro Arcoverde<br \/>\nSanto Ant\u00f4nio II<br \/>\nTiradentes.<\/p>\n<p>Codecom<\/p>\n","protected":false},"excerpt":{"rendered":"<p>A Prefeitura de Campina Grande, atrav\u00e9s da Secretaria de Educa\u00e7\u00e3o (Seduc), segue com matr\u00edculas abertas at\u00e9 o dia 31 de janeiro. Al\u00e9m do Ensino Infantil e Fundamental, a Rede possui tamb\u00e9m a Educa\u00e7\u00e3o de Jovens e Adultos (EJA), para estudantes que n\u00e3o conseguiram realizar o ensino regular na idade certa. No in\u00edcio do per\u00edodo de &hellip;<\/p>\n","protected":false},"author":1,"featured_media":97407,"comment_status":"open","ping_status":"open","sticky":false,"template":"","format":"standard","meta":{"footnotes":""},"categories":[11],"tags":[],"class_list":["post-121250","post","type-post","status-publish","format-standard","has-post-thumbnail","hentry","category-educacao"],"_links":{"self":[{"href":"https:\/\/iparaiba.com.br\/index.php\/wp-json\/wp\/v2\/posts\/121250","targetHints":{"allow":["GET"]}}],"collection":[{"href":"https:\/\/iparaiba.com.br\/index.php\/wp-json\/wp\/v2\/posts"}],"about":[{"href":"https:\/\/iparaiba.com.br\/index.php\/wp-json\/wp\/v2\/types\/post"}],"author":[{"embeddable":true,"href":"https:\/\/iparaiba.com.br\/index.php\/wp-json\/wp\/v2\/users\/1"}],"replies":[{"embeddable":true,"href":"https:\/\/iparaiba.com.br\/index.php\/wp-json\/wp\/v2\/comments?post=121250"}],"version-history":[{"count":1,"href":"https:\/\/iparaiba.com.br\/index.php\/wp-json\/wp\/v2\/posts\/121250\/revisions"}],"predecessor-version":[{"id":121269,"href":"https:\/\/iparaiba.com.br\/index.php\/wp-json\/wp\/v2\/posts\/121250\/revisions\/121269"}],"wp:featuredmedia":[{"embeddable":true,"href":"https:\/\/iparaiba.com.br\/index.php\/wp-json\/wp\/v2\/media\/97407"}],"wp:attachment":[{"href":"https:\/\/iparaiba.com.br\/index.php\/wp-json\/wp\/v2\/media?parent=121250"}],"wp:term":[{"taxonomy":"category","embeddable":true,"href":"https:\/\/iparaiba.com.br\/index.php\/wp-json\/wp\/v2\/categories?post=121250"},{"taxonomy":"post_tag","embeddable":true,"href":"https:\/\/iparaiba.com.br\/index.php\/wp-json\/wp\/v2\/tags?post=121250"}],"curies":[{"name":"wp","href":"https:\/\/api.w.org\/{rel}","templated":true}]}}