{"id":121249,"date":"2024-01-24T10:00:55","date_gmt":"2024-01-24T13:00:55","guid":{"rendered":"https:\/\/onordeste.com.br\/?p=121231"},"modified":"2024-01-24T10:00:55","modified_gmt":"2024-01-24T13:00:55","slug":"programacao-do-carnaval-da-paz-e-lancada","status":"publish","type":"post","link":"https:\/\/iparaiba.com.br\/index.php\/2024\/01\/24\/programacao-do-carnaval-da-paz-e-lancada\/","title":{"rendered":"Programa\u00e7\u00e3o do Carnaval da Paz \u00e9 lan\u00e7ada"},"content":{"rendered":"<p>A Prefeitura de Campina Grande, por meio da Secretaria de Desenvolvimento Econ\u00f4mico (SEDE), realizar\u00e1 nesta quarta-feira, 24, a partir das 9h, o lan\u00e7amento da programa\u00e7\u00e3o Carnaval da Paz 2024, no Mini teatro Paulo Pontes, localizado no anexo do Teatro Municipal Severino Cabral.<\/p>\n<p>a ocasi\u00e3o, tamb\u00e9m ser\u00e1 realizada uma reuni\u00e3o com as for\u00e7as de seguran\u00e7a, bem como os representantes de cada evento que integra a edi\u00e7\u00e3o deste ano.<\/p>\n<p>Al\u00e9m de celebrar a religiosidade em v\u00e1rias frentes, o Carnaval da Paz j\u00e1 se consagrou como o segundo maior evento da cidade, no tocante \u00e0 movimenta\u00e7\u00e3o econ\u00f4mica. Neste ano acontecer\u00e1 com uma programa\u00e7\u00e3o de sete eventos realizados simultaneamente, em diferentes espa\u00e7os na cidade. Na \u00faltima edi\u00e7\u00e3o, ocorrida em 2023, os altos \u00edndices de ocupa\u00e7\u00e3o na rede hoteleira e o fluxo de mais de 150 mil pessoas na cidade, atestaram o sucesso do evento.<\/p>\n<p><img loading=\"lazy\" decoding=\"async\" class=\"wp-image-67963 alignleft\" src=\"https:\/\/campinagrande.pb.gov.br\/wp-content\/uploads\/2024\/01\/IMG-20240120-WA0020-1.jpg\" sizes=\"auto, (max-width: 1600px) 100vw, 1600px\" srcset=\"https:\/\/campinagrande.pb.gov.br\/wp-content\/uploads\/2024\/01\/IMG-20240120-WA0020-1.jpg 540w, https:\/\/campinagrande.pb.gov.br\/wp-content\/uploads\/2024\/01\/IMG-20240120-WA0020-1-240x300.jpg 240w, https:\/\/campinagrande.pb.gov.br\/wp-content\/uploads\/2024\/01\/IMG-20240120-WA0020-1-336x420.jpg 336w, https:\/\/campinagrande.pb.gov.br\/wp-content\/uploads\/2024\/01\/IMG-20240120-WA0020-1-320x400.jpg 320w, https:\/\/campinagrande.pb.gov.br\/wp-content\/uploads\/2024\/01\/IMG-20240120-WA0020-1-480x600.jpg 480w\" alt=\"\" width=\"398\" height=\"497\" \/><\/p>\n<p>No \u00faltimo s\u00e1bado, 20, a Prefeitura de Campina Grande, apoiadora e idealizadora da formata\u00e7\u00e3o do evento, divulgou a programa\u00e7\u00e3o que comp\u00f5e o Carnaval da Paz. O evento acontecer\u00e1 entre os dias 8 e 13 de fevereiro, promovendo a integra\u00e7\u00e3o entre religi\u00f5es e buscando disseminar valores de fraternidade e paz. Um dos destaques \u00e9 a programa\u00e7\u00e3o, que contar\u00e1 com palestrantes nacionais e internacionais. Os temas abordados variam desde quest\u00f5es espirituais at\u00e9 tem\u00e1ticas relacionadas \u00e0 conviv\u00eancia e respeito \u00e0s diferen\u00e7as.<\/p>\n<p>Integram a programa\u00e7\u00e3o: o Movimento de Integra\u00e7\u00e3o Esp\u00edrita na Para\u00edba (MIEP), a Consci\u00eancia Crist\u00e3, o Crescer, A Palavra Revelada e o Acampamento Verbo da Vida, que ser\u00e3o realizados de forma presencial. J\u00e1 o E-Alem (Associa\u00e7\u00e3o Luminar de Magnetismo Humano) ocorrer\u00e1 em formato h\u00edbrido, com programa\u00e7\u00e3o presencial e online. A Nova Consci\u00eancia acontecer\u00e1 exclusivamente de forma remota.<\/p>\n","protected":false},"excerpt":{"rendered":"<p>A Prefeitura de Campina Grande, por meio da Secretaria de Desenvolvimento Econ\u00f4mico (SEDE), realizar\u00e1 nesta quarta-feira, 24, a partir das 9h, o lan\u00e7amento da programa\u00e7\u00e3o Carnaval da Paz 2024, no Mini teatro Paulo Pontes, localizado no anexo do Teatro Municipal Severino Cabral. a ocasi\u00e3o, tamb\u00e9m ser\u00e1 realizada uma reuni\u00e3o com as for\u00e7as de seguran\u00e7a, bem &hellip;<\/p>\n","protected":false},"author":1,"featured_media":106463,"comment_status":"open","ping_status":"open","sticky":false,"template":"","format":"standard","meta":{"footnotes":""},"categories":[6],"tags":[],"class_list":["post-121249","post","type-post","status-publish","format-standard","has-post-thumbnail","hentry","category-destaques"],"_links":{"self":[{"href":"https:\/\/iparaiba.com.br\/index.php\/wp-json\/wp\/v2\/posts\/121249","targetHints":{"allow":["GET"]}}],"collection":[{"href":"https:\/\/iparaiba.com.br\/index.php\/wp-json\/wp\/v2\/posts"}],"about":[{"href":"https:\/\/iparaiba.com.br\/index.php\/wp-json\/wp\/v2\/types\/post"}],"author":[{"embeddable":true,"href":"https:\/\/iparaiba.com.br\/index.php\/wp-json\/wp\/v2\/users\/1"}],"replies":[{"embeddable":true,"href":"https:\/\/iparaiba.com.br\/index.php\/wp-json\/wp\/v2\/comments?post=121249"}],"version-history":[{"count":1,"href":"https:\/\/iparaiba.com.br\/index.php\/wp-json\/wp\/v2\/posts\/121249\/revisions"}],"predecessor-version":[{"id":121268,"href":"https:\/\/iparaiba.com.br\/index.php\/wp-json\/wp\/v2\/posts\/121249\/revisions\/121268"}],"wp:featuredmedia":[{"embeddable":true,"href":"https:\/\/iparaiba.com.br\/index.php\/wp-json\/wp\/v2\/media\/106463"}],"wp:attachment":[{"href":"https:\/\/iparaiba.com.br\/index.php\/wp-json\/wp\/v2\/media?parent=121249"}],"wp:term":[{"taxonomy":"category","embeddable":true,"href":"https:\/\/iparaiba.com.br\/index.php\/wp-json\/wp\/v2\/categories?post=121249"},{"taxonomy":"post_tag","embeddable":true,"href":"https:\/\/iparaiba.com.br\/index.php\/wp-json\/wp\/v2\/tags?post=121249"}],"curies":[{"name":"wp","href":"https:\/\/api.w.org\/{rel}","templated":true}]}}