{"id":121226,"date":"2024-01-16T09:57:04","date_gmt":"2024-01-16T12:57:04","guid":{"rendered":"https:\/\/onordeste.com.br\/?p=121175"},"modified":"2024-01-16T09:57:04","modified_gmt":"2024-01-16T12:57:04","slug":"prefeitura-realiza-campanha-janeiro-branco-de-atencao-a-saude-mental","status":"publish","type":"post","link":"https:\/\/iparaiba.com.br\/index.php\/2024\/01\/16\/prefeitura-realiza-campanha-janeiro-branco-de-atencao-a-saude-mental\/","title":{"rendered":"Prefeitura realiza campanha Janeiro Branco de aten\u00e7\u00e3o \u00e0 Sa\u00fade Mental"},"content":{"rendered":"<p style=\"font-weight: 400;\">A Prefeitura de Campina Grande, por meio da Secretaria Municipal de Sa\u00fade, realiza durante este m\u00eas de janeiro a campanha Janeiro Branco, que chama a aten\u00e7\u00e3o para o cuidado e a valoriza\u00e7\u00e3o da sa\u00fade mental. A campanha consiste em v\u00e1rias a\u00e7\u00f5es nos mais diversos servi\u00e7os.<\/p>\n<p style=\"font-weight: 400;\">As a\u00e7\u00f5es come\u00e7am na pr\u00f3xima ter\u00e7a-feira, 16, com o sarau Saber Viver, a partir das 14h na Pra\u00e7a da Bandeira. No dia 18, \u00e0s 8h30, haver\u00e1 a a\u00e7\u00e3o MOVEmente, no Parque da Liberdade, com incentivo \u00e0 pr\u00e1tica de atividades f\u00edsicas como forma de colaborar na sa\u00fade emocional. Outras a\u00e7\u00f5es tamb\u00e9m ser\u00e3o realizadas no Parque da Crian\u00e7a, nos Centros de Aten\u00e7\u00e3o Psicossocial (CAPS) e na Cl\u00ednica Escola do Autismo \u2013 AFETO.<\/p>\n<p style=\"font-weight: 400;\">O\u00a0Janeiro\u00a0Branco\u00a0\u00e9 uma campanha nacional, criada em 2014, por um grupo de psic\u00f3logos, com a proposta de chamar a aten\u00e7\u00e3o para o tema da sa\u00fade mental no cotidiano da popula\u00e7\u00e3o.\u00a0Janeiro\u00a0foi escolhido com o m\u00eas de conscientiza\u00e7\u00e3o para a sa\u00fade mental, por ser um per\u00edodo em que as pessoas est\u00e3o mais voltadas para o estabelecimento de metas para o ano que se inicia.<\/p>\n<p style=\"font-weight: 400;\">\u201cO m\u00eas de janeiro foi escolhido justamente porque representa esse in\u00edcio de ano, o rever metas, o refazer objetivos, para que as pessoas reconhe\u00e7am que t\u00e3o importante quanto cuidar da sua sa\u00fade f\u00edsica \u00e9 tamb\u00e9m cuidar da sua sa\u00fade emocional\u201d, disse a coordenadora de sa\u00fade mental, L\u00edvia Sales.<\/p>\n<p style=\"font-weight: 400;\">A campanha tamb\u00e9m tem o objetivo de\u00a0incentivar a mudan\u00e7a de vida, fazendo com que as pessoas busquem mais aquilo que lhes faz felizes. Campina Grande conta, atualmente, com oito Centros de Aten\u00e7\u00e3o Psicossocial, que juntos atendem a 7.960 pessoas, sendo 1.350 crian\u00e7as.<\/p>\n","protected":false},"excerpt":{"rendered":"<p>A Prefeitura de Campina Grande, por meio da Secretaria Municipal de Sa\u00fade, realiza durante este m\u00eas de janeiro a campanha Janeiro Branco, que chama a aten\u00e7\u00e3o para o cuidado e a valoriza\u00e7\u00e3o da sa\u00fade mental. A campanha consiste em v\u00e1rias a\u00e7\u00f5es nos mais diversos servi\u00e7os. As a\u00e7\u00f5es come\u00e7am na pr\u00f3xima ter\u00e7a-feira, 16, com o sarau &hellip;<\/p>\n","protected":false},"author":1,"featured_media":106233,"comment_status":"open","ping_status":"open","sticky":false,"template":"","format":"standard","meta":{"footnotes":""},"categories":[2],"tags":[],"class_list":["post-121226","post","type-post","status-publish","format-standard","has-post-thumbnail","hentry","category-saude"],"_links":{"self":[{"href":"https:\/\/iparaiba.com.br\/index.php\/wp-json\/wp\/v2\/posts\/121226","targetHints":{"allow":["GET"]}}],"collection":[{"href":"https:\/\/iparaiba.com.br\/index.php\/wp-json\/wp\/v2\/posts"}],"about":[{"href":"https:\/\/iparaiba.com.br\/index.php\/wp-json\/wp\/v2\/types\/post"}],"author":[{"embeddable":true,"href":"https:\/\/iparaiba.com.br\/index.php\/wp-json\/wp\/v2\/users\/1"}],"replies":[{"embeddable":true,"href":"https:\/\/iparaiba.com.br\/index.php\/wp-json\/wp\/v2\/comments?post=121226"}],"version-history":[{"count":0,"href":"https:\/\/iparaiba.com.br\/index.php\/wp-json\/wp\/v2\/posts\/121226\/revisions"}],"wp:featuredmedia":[{"embeddable":true,"href":"https:\/\/iparaiba.com.br\/index.php\/wp-json\/wp\/v2\/media\/106233"}],"wp:attachment":[{"href":"https:\/\/iparaiba.com.br\/index.php\/wp-json\/wp\/v2\/media?parent=121226"}],"wp:term":[{"taxonomy":"category","embeddable":true,"href":"https:\/\/iparaiba.com.br\/index.php\/wp-json\/wp\/v2\/categories?post=121226"},{"taxonomy":"post_tag","embeddable":true,"href":"https:\/\/iparaiba.com.br\/index.php\/wp-json\/wp\/v2\/tags?post=121226"}],"curies":[{"name":"wp","href":"https:\/\/api.w.org\/{rel}","templated":true}]}}