{"id":121223,"date":"2024-01-16T09:53:01","date_gmt":"2024-01-16T12:53:01","guid":{"rendered":"https:\/\/onordeste.com.br\/?p=121169"},"modified":"2024-01-16T09:53:01","modified_gmt":"2024-01-16T12:53:01","slug":"procon-de-campina-grande-autua-hipermercado","status":"publish","type":"post","link":"https:\/\/iparaiba.com.br\/index.php\/2024\/01\/16\/procon-de-campina-grande-autua-hipermercado\/","title":{"rendered":"Procon de Campina Grande autua hipermercado"},"content":{"rendered":"<p style=\"font-weight: 400;\">O Procon de Campina Grande lavrou auto de infra\u00e7\u00e3o em desfavor de um hipermercado do Partage Shopping, nesse s\u00e1bado, 13, pela venda de alimentos fora do prazo de validade. A penalidade ocorreu ap\u00f3s a den\u00fancia de consumidores pelas redes sociais. O estabelecimento tem o prazo de 10 dias para apresentar defesa.<\/p>\n<p style=\"font-weight: 400;\">Durante a opera\u00e7\u00e3o de fiscaliza\u00e7\u00e3o do Procon Municipal, que resultou na autua\u00e7\u00e3o, os fiscais do \u00f3rg\u00e3o encontraram uma grande quantidade de produtos com a data de validade para consumo vencida, ferindo o Artigo 6\u00b0, inciso I; Artigo 18, par\u00e1grafo 6\u00b0, inciso l; o Artigo 56, inciso ll, ambos do C\u00f3digo de Defesa do Consumidor (CDC). Na ocasi\u00e3o, todo o material foi recolhido e encaminhado para que fosse realizado o descarte apropriado: a incinera\u00e7\u00e3o. Importante lembrar que o consumidor deve sempre estar alerta para oferta de produtos com pre\u00e7os muito abaixo do valor de mercado, pois, geralmente, est\u00e3o pr\u00f3ximos do vencimento da validade.<\/p>\n<p style=\"font-weight: 400;\">Com isso, o trabalho de \u00f3rg\u00e3o de prote\u00e7\u00e3o e defesa do consumidor campinense continua em sistema de prontid\u00e3o e quem encontrar produtos vencidos dentro da \u00e1rea de venda de estabelecimentos como prateleiras, g\u00f4ndolas, deve fazer a den\u00fancia ao Procon-CG, pelo Disque 151, (83) 9.8186-3609 ou (83) 9.8185-8168; ou de modo presencial, cujo atendimento acontece de segunda \u00e0 sexta-feira, das 8h \u00e0s 17h, na sede do \u00f3rg\u00e3o, na rua Prefeito Ernani Lauritzen, no Centro da cidade.<\/p>\n<p>Comdecom<\/p>\n","protected":false},"excerpt":{"rendered":"<p>O Procon de Campina Grande lavrou auto de infra\u00e7\u00e3o em desfavor de um hipermercado do Partage Shopping, nesse s\u00e1bado, 13, pela venda de alimentos fora do prazo de validade. A penalidade ocorreu ap\u00f3s a den\u00fancia de consumidores pelas redes sociais. O estabelecimento tem o prazo de 10 dias para apresentar defesa. Durante a opera\u00e7\u00e3o de &hellip;<\/p>\n","protected":false},"author":1,"featured_media":115390,"comment_status":"open","ping_status":"open","sticky":false,"template":"","format":"standard","meta":{"footnotes":""},"categories":[16],"tags":[],"class_list":["post-121223","post","type-post","status-publish","format-standard","has-post-thumbnail","hentry","category-economia"],"_links":{"self":[{"href":"https:\/\/iparaiba.com.br\/index.php\/wp-json\/wp\/v2\/posts\/121223","targetHints":{"allow":["GET"]}}],"collection":[{"href":"https:\/\/iparaiba.com.br\/index.php\/wp-json\/wp\/v2\/posts"}],"about":[{"href":"https:\/\/iparaiba.com.br\/index.php\/wp-json\/wp\/v2\/types\/post"}],"author":[{"embeddable":true,"href":"https:\/\/iparaiba.com.br\/index.php\/wp-json\/wp\/v2\/users\/1"}],"replies":[{"embeddable":true,"href":"https:\/\/iparaiba.com.br\/index.php\/wp-json\/wp\/v2\/comments?post=121223"}],"version-history":[{"count":0,"href":"https:\/\/iparaiba.com.br\/index.php\/wp-json\/wp\/v2\/posts\/121223\/revisions"}],"wp:featuredmedia":[{"embeddable":true,"href":"https:\/\/iparaiba.com.br\/index.php\/wp-json\/wp\/v2\/media\/115390"}],"wp:attachment":[{"href":"https:\/\/iparaiba.com.br\/index.php\/wp-json\/wp\/v2\/media?parent=121223"}],"wp:term":[{"taxonomy":"category","embeddable":true,"href":"https:\/\/iparaiba.com.br\/index.php\/wp-json\/wp\/v2\/categories?post=121223"},{"taxonomy":"post_tag","embeddable":true,"href":"https:\/\/iparaiba.com.br\/index.php\/wp-json\/wp\/v2\/tags?post=121223"}],"curies":[{"name":"wp","href":"https:\/\/api.w.org\/{rel}","templated":true}]}}