{"id":121217,"date":"2024-01-18T08:00:04","date_gmt":"2024-01-18T11:00:04","guid":{"rendered":"https:\/\/onordeste.com.br\/?p=121201"},"modified":"2024-01-18T08:00:04","modified_gmt":"2024-01-18T11:00:04","slug":"ministerio-da-saude-credencia-mais-83-equipes-de-saude-da-familia","status":"publish","type":"post","link":"https:\/\/iparaiba.com.br\/index.php\/2024\/01\/18\/ministerio-da-saude-credencia-mais-83-equipes-de-saude-da-familia\/","title":{"rendered":"Minist\u00e9rio da Sa\u00fade credencia mais 83 equipes de Sa\u00fade da Fam\u00edlia"},"content":{"rendered":"<p>O Minist\u00e9rio da Sa\u00fade publicou na segunda-feira, 8, a portaria ministerial 3.054 que credencia novas equipes de Estrat\u00e9gia de Sa\u00fade da Fam\u00edlia em dezenas de munic\u00edpios brasileiros. Campina Grande foi contemplada com mais 83 equipes, sendo a segunda com mais habilita\u00e7\u00f5es na portaria em todo o pa\u00eds.<\/p>\n<p>om o credenciamento, a cidade vai ampliar de 121 equipes para 204, resultando em um aumento de cerca de 70%. A a\u00e7\u00e3o pioneira vai fazer com que a cidade tenha cobertura de 100% da popula\u00e7\u00e3o na Aten\u00e7\u00e3o Prim\u00e1ria \u00e0 Sa\u00fade. O trabalho faz parte do projeto Campina Atende Mais, iniciativa municipal para expans\u00e3o da Aten\u00e7\u00e3o B\u00e1sica e seus servi\u00e7os na cidade. O projeto est\u00e1 associado ao programa APS do Futuro, do Minist\u00e9rio da Sa\u00fade.<\/p>\n<p>Al\u00e9m de garantir cobertura total da Aten\u00e7\u00e3o Prim\u00e1ria \u00e0 Sa\u00fade, um dos objetivos \u00e9 tamb\u00e9m diminuir o n\u00famero de cidad\u00e3os referenciados por cada equipe, fazendo melhorar a qualidade da assist\u00eancia na Aten\u00e7\u00e3o B\u00e1sica.<\/p>\n<p>Outros eixos e perspectivas do programa para o fortalecimento da APS s\u00e3o o retorno do NASF, a consolida\u00e7\u00e3o do programa Mais M\u00e9dicos pelo Brasil, o uso de tecnologia na Aten\u00e7\u00e3o B\u00e1sica, o cadastramento de toda a popula\u00e7\u00e3o, entre outras a\u00e7\u00f5es.<\/p>\n<p>Campina Grande \u00e9 uma das primeiras cidades do pa\u00eds a aderir ao programa APS do Futuro. No Nordeste, apenas a Rainha da Borborema e a capital de Pernambuco, Recife, aderiram ao programa. Esta conquista da cidade contou com a participa\u00e7\u00e3o e apoio do senador Veneziano Vital do R\u00eago.<\/p>\n<p>Futuramente, tamb\u00e9m haver\u00e1 o credenciamento das equipes de Sa\u00fade Bucal, cujo n\u00famero vai crescer de 54 para 115.<\/p>\n<p>Campina Grande j\u00e1 vem ampliando a APS nos \u00faltimos tr\u00eas anos. A Prefeitura implantou seis Unidades B\u00e1sicas de Sa\u00fade e construiu uma unidade nova, al\u00e9m de reformar e requalificar quase 40 servi\u00e7os da Aten\u00e7\u00e3o B\u00e1sica. Na Sa\u00fade Oral, o crescimento foi de 41 para 54 consult\u00f3rios odontol\u00f3gicos e a abertura de dois Centros de Especialidades Odontol\u00f3gicas (CEOs).<\/p>\n","protected":false},"excerpt":{"rendered":"<p>O Minist\u00e9rio da Sa\u00fade publicou na segunda-feira, 8, a portaria ministerial 3.054 que credencia novas equipes de Estrat\u00e9gia de Sa\u00fade da Fam\u00edlia em dezenas de munic\u00edpios brasileiros. Campina Grande foi contemplada com mais 83 equipes, sendo a segunda com mais habilita\u00e7\u00f5es na portaria em todo o pa\u00eds. om o credenciamento, a cidade vai ampliar de &hellip;<\/p>\n","protected":false},"author":1,"featured_media":106247,"comment_status":"open","ping_status":"open","sticky":false,"template":"","format":"standard","meta":{"footnotes":""},"categories":[2],"tags":[],"class_list":["post-121217","post","type-post","status-publish","format-standard","has-post-thumbnail","hentry","category-saude"],"_links":{"self":[{"href":"https:\/\/iparaiba.com.br\/index.php\/wp-json\/wp\/v2\/posts\/121217","targetHints":{"allow":["GET"]}}],"collection":[{"href":"https:\/\/iparaiba.com.br\/index.php\/wp-json\/wp\/v2\/posts"}],"about":[{"href":"https:\/\/iparaiba.com.br\/index.php\/wp-json\/wp\/v2\/types\/post"}],"author":[{"embeddable":true,"href":"https:\/\/iparaiba.com.br\/index.php\/wp-json\/wp\/v2\/users\/1"}],"replies":[{"embeddable":true,"href":"https:\/\/iparaiba.com.br\/index.php\/wp-json\/wp\/v2\/comments?post=121217"}],"version-history":[{"count":1,"href":"https:\/\/iparaiba.com.br\/index.php\/wp-json\/wp\/v2\/posts\/121217\/revisions"}],"predecessor-version":[{"id":121239,"href":"https:\/\/iparaiba.com.br\/index.php\/wp-json\/wp\/v2\/posts\/121217\/revisions\/121239"}],"wp:featuredmedia":[{"embeddable":true,"href":"https:\/\/iparaiba.com.br\/index.php\/wp-json\/wp\/v2\/media\/106247"}],"wp:attachment":[{"href":"https:\/\/iparaiba.com.br\/index.php\/wp-json\/wp\/v2\/media?parent=121217"}],"wp:term":[{"taxonomy":"category","embeddable":true,"href":"https:\/\/iparaiba.com.br\/index.php\/wp-json\/wp\/v2\/categories?post=121217"},{"taxonomy":"post_tag","embeddable":true,"href":"https:\/\/iparaiba.com.br\/index.php\/wp-json\/wp\/v2\/tags?post=121217"}],"curies":[{"name":"wp","href":"https:\/\/api.w.org\/{rel}","templated":true}]}}