{"id":121216,"date":"2024-01-18T06:00:35","date_gmt":"2024-01-18T09:00:35","guid":{"rendered":"https:\/\/onordeste.com.br\/?p=121199"},"modified":"2024-01-18T06:00:35","modified_gmt":"2024-01-18T09:00:35","slug":"saude-anuncia-acoes-para-enfrentamento-a-covid-19","status":"publish","type":"post","link":"https:\/\/iparaiba.com.br\/index.php\/2024\/01\/18\/saude-anuncia-acoes-para-enfrentamento-a-covid-19\/","title":{"rendered":"Sa\u00fade anuncia a\u00e7\u00f5es para enfrentamento \u00e0 Covid-19"},"content":{"rendered":"<p>A Secretaria de Sa\u00fade de Campina Grande reuniu a comiss\u00e3o t\u00e9cnica de enfrentamento \u00e0 Covid-19 e definiu a\u00e7\u00f5es para conten\u00e7\u00e3o da transmiss\u00e3o do v\u00edrus na cidade e estrutura\u00e7\u00e3o da rede para testagem e atendimento aos pacientes. Dentre as medidas, est\u00e3o a abertura de novos leitos, a amplia\u00e7\u00e3o da testagem com crit\u00e9rios t\u00e9cnicos e a orienta\u00e7\u00e3o do uso de m\u00e1scaras.<\/p>\n<p><strong>Leitos<\/strong>\u00a0\u2013 No Hospital Municipal Pedro I, o Hospital de Campanha foi redirecionado para pacientes com Covid-19, com 12 leitos de enfermaria e 8 leitos de UTI. Dessa forma, o atendimento pedi\u00e1trico que acontecia na unidade foi suspenso temporariamente. Como forma preventiva, tamb\u00e9m passou a ser intensificado o uso de m\u00e1scaras na unidade hospitalar de acordo com os protocolos da Comiss\u00e3o de Infec\u00e7\u00e3o e foram suspensas as visitas.<\/p>\n<p>No Instituto de Sa\u00fade Elp\u00eddio de Almeida (ISEA), foram montados 6 leitos de enfermaria e 1 de UTI, e no Hospital da Crian\u00e7a e do Adolescente (HCA) foram readequados 4 leitos de enfermaria com pontos de oxig\u00eanio, que podem ser transformados em leitos de UTI, a depender da necessidade.<\/p>\n<p><strong>Testagem<\/strong>\u00a0\u2013 Al\u00e9m disso, a gest\u00e3o municipal ampliou a testagem da Covid-19, contudo, a pasta informa \u00e0 popula\u00e7\u00e3o que os testes de ant\u00edgeno s\u00f3 devem ser aplicados a partir do terceiro dia de sintomas. At\u00e9 o terceiro dia de sintoma, o diagn\u00f3stico \u00e9 cl\u00ednico epidemiol\u00f3gico, ou seja, a partir da avalia\u00e7\u00e3o do m\u00e9dico.<\/p>\n<p>Os testes s\u00e3o ofertados no Hospital Municipal Pedro I; no Hospital Municipal Dr. Edgley; nas duas Unidades de Pronto Atendimento (UPAs); no ISEA para gestantes e no HCA para crian\u00e7as e adolescentes at\u00e9 14 anos. A testagem tamb\u00e9m est\u00e1 sendo disponibilizada nas duas Unidades B\u00e1sicas de Sa\u00fade do Complexo Habitacional Alu\u00edzio Campos, na UBS de Catol\u00e9 de Boa Vista, na Unidade Mista de Galante e na Policl\u00ednica de S\u00e3o Jos\u00e9 da Mata.<\/p>\n<p>Na primeira semana de 2024, entre os dias 1 e 7 de janeiro, foram aplicados 2.423 testes nos hospitais p\u00fablicos da cidade, diagnosticando 797 casos positivos. Ou seja, quase um ter\u00e7o dos pacientes com sintomas apresentaram resultado positivo para a Covid-19.<\/p>\n<p><strong>Nova variante<\/strong>\u00a0\u2013 a nova onda da Covid-19 apresenta sinais de ser uma subvariante da \u00d4micron, cujos principais sintomas s\u00e3o cefaleia, dor ocular e lacrimejamento. Contudo, grupos mais vulner\u00e1veis podem agravar. Por isso, \u00e9 essencial a vacina\u00e7\u00e3o para idosos e imunossuprimidos. De acordo com o diretor m\u00e9dico do Hospital Municipal Pedro I, Vitor Nobre, as interna\u00e7\u00f5es s\u00e3o decorrentes do fato de os pacientes apresentarem outros agravantes associados, como comorbidades ou doen\u00e7as de base.<\/p>\n<p>\u201c\u00c9 uma nova onda da doen\u00e7a, o que \u00e9 comum na evolu\u00e7\u00e3o dos v\u00edrus respirat\u00f3rios, mas se trata de uma subvariante da \u00d4micron, ent\u00e3o as pessoas que est\u00e3o imunizadas tendem a apresentar sintomatologia leve, assim como em outros v\u00edrus sazonais. \u00c9 preciso tranquilizar a popula\u00e7\u00e3o e orientar a adotar medidas como higienizar as m\u00e3os, e usar m\u00e1scara caso esteja com sintomas\u201d, disse.<\/p>\n<p><strong>Recomenda\u00e7\u00f5es<\/strong>\u00a0\u2013 Para as pessoas com sintomas gripais, a Vigil\u00e2ncia em Sa\u00fade do Munic\u00edpio recomenda o uso de m\u00e1scaras e higieniza\u00e7\u00e3o das m\u00e3os a partir do in\u00edcio dos sintomas; orienta que os pacientes procurem os servi\u00e7os de sa\u00fade ao apresentarem sintomas persistentes; orienta tamb\u00e9m sobre a utiliza\u00e7\u00e3o de m\u00e1scaras at\u00e9 o terceiro dia, ap\u00f3s o t\u00e9rmino dos sintomas.<\/p>\n<p>Para a popula\u00e7\u00e3o em geral, a Vigil\u00e2ncia em Sa\u00fade recomenda a constante higieniza\u00e7\u00e3o das m\u00e3os com \u00e1gua e sab\u00e3o ou \u00e1lcool gel e a limpeza de objetos de uso compartilhado, al\u00e9m do uso de m\u00e1scaras em grupos vulner\u00e1veis, como imunossuprimidos e idosos.<\/p>\n<p>Codecom<\/p>\n","protected":false},"excerpt":{"rendered":"<p>A Secretaria de Sa\u00fade de Campina Grande reuniu a comiss\u00e3o t\u00e9cnica de enfrentamento \u00e0 Covid-19 e definiu a\u00e7\u00f5es para conten\u00e7\u00e3o da transmiss\u00e3o do v\u00edrus na cidade e estrutura\u00e7\u00e3o da rede para testagem e atendimento aos pacientes. Dentre as medidas, est\u00e3o a abertura de novos leitos, a amplia\u00e7\u00e3o da testagem com crit\u00e9rios t\u00e9cnicos e a orienta\u00e7\u00e3o &hellip;<\/p>\n","protected":false},"author":1,"featured_media":115338,"comment_status":"open","ping_status":"open","sticky":false,"template":"","format":"standard","meta":{"footnotes":""},"categories":[10],"tags":[],"class_list":["post-121216","post","type-post","status-publish","format-standard","has-post-thumbnail","hentry","category-manchetes"],"_links":{"self":[{"href":"https:\/\/iparaiba.com.br\/index.php\/wp-json\/wp\/v2\/posts\/121216","targetHints":{"allow":["GET"]}}],"collection":[{"href":"https:\/\/iparaiba.com.br\/index.php\/wp-json\/wp\/v2\/posts"}],"about":[{"href":"https:\/\/iparaiba.com.br\/index.php\/wp-json\/wp\/v2\/types\/post"}],"author":[{"embeddable":true,"href":"https:\/\/iparaiba.com.br\/index.php\/wp-json\/wp\/v2\/users\/1"}],"replies":[{"embeddable":true,"href":"https:\/\/iparaiba.com.br\/index.php\/wp-json\/wp\/v2\/comments?post=121216"}],"version-history":[{"count":1,"href":"https:\/\/iparaiba.com.br\/index.php\/wp-json\/wp\/v2\/posts\/121216\/revisions"}],"predecessor-version":[{"id":121238,"href":"https:\/\/iparaiba.com.br\/index.php\/wp-json\/wp\/v2\/posts\/121216\/revisions\/121238"}],"wp:featuredmedia":[{"embeddable":true,"href":"https:\/\/iparaiba.com.br\/index.php\/wp-json\/wp\/v2\/media\/115338"}],"wp:attachment":[{"href":"https:\/\/iparaiba.com.br\/index.php\/wp-json\/wp\/v2\/media?parent=121216"}],"wp:term":[{"taxonomy":"category","embeddable":true,"href":"https:\/\/iparaiba.com.br\/index.php\/wp-json\/wp\/v2\/categories?post=121216"},{"taxonomy":"post_tag","embeddable":true,"href":"https:\/\/iparaiba.com.br\/index.php\/wp-json\/wp\/v2\/tags?post=121216"}],"curies":[{"name":"wp","href":"https:\/\/api.w.org\/{rel}","templated":true}]}}