{"id":121209,"date":"2024-01-16T18:05:31","date_gmt":"2024-01-16T21:05:31","guid":{"rendered":"https:\/\/onordeste.com.br\/?p=121185"},"modified":"2024-01-16T18:05:31","modified_gmt":"2024-01-16T21:05:31","slug":"covid-19-30-dos-testes-tem-resultado-positivo","status":"publish","type":"post","link":"https:\/\/iparaiba.com.br\/index.php\/2024\/01\/16\/covid-19-30-dos-testes-tem-resultado-positivo\/","title":{"rendered":"Covid-19: 30% dos testes t\u00eam resultado positivo"},"content":{"rendered":"<p>A Secretaria de Sa\u00fade de Campina Grande apresentou, nesta segunda-feira, 15, os dados do boletim epidemiol\u00f3gico da Covid-19, na segunda semana de 2024. Entre os dias 7 e 13 de janeiro, foram aplicados 1.604 testes e 474 apresentaram resultado positivo, o que representa 29,5%.<\/p>\n<p>Entre a primeira e a segunda semana, a Secretaria Municipal de Sa\u00fade ampliou os locais de testagem com a descentraliza\u00e7\u00e3o para os distritos e o Complexo Habitacional Alu\u00edzio Campos. Os dados referentes \u00e0 rede privada n\u00e3o constam no boletim, uma vez que eles s\u00e3o alimentados posteriormente no e-SUS pelos pr\u00f3prios estabelecimentos.<\/p>\n<p>A unidade que mais aplicou testes foi o Hospital Municipal Pedro I, com 744 exames; seguido da UPA Dr. Adhemar Dantas \u2013 Dinam\u00e9rica (299); da UPA Dr. Raimundo Maia \u2013 Alto Branco (218); do Hospital Municipal Dr. Edgley (100); do Hospital da Crian\u00e7a e do Adolescente (77); do Hospital das Cl\u00ednicas (37); Hospital de Trauma (27); Instituto de Sa\u00fade Elp\u00eddio de Almeida (23); Unidade Mista de Galante (22); Unidades B\u00e1sicas de Sa\u00fade Cris\u00f3stomo Lucena (16); Virg\u00edlio Brasileiro (14); Hospital HELP (11); Centro de Sa\u00fade Francisco Pinto (8); Policl\u00ednica de S\u00e3o Jos\u00e9 da Mata (6); e Hospital Universit\u00e1rio Alcides Carneiro (2).<\/p>\n<p>Na primeira semana epidemiol\u00f3gica, que corresponde ao per\u00edodo de 31 de dezembro de 2023 a 6 de janeiro de 2024, haviam sido aplicados 2.423 testes e 797 tinham apresentado diagn\u00f3stico positivo, o que configura em torno de um ter\u00e7o. Ou seja, houve uma discreta queda na taxa de positividade dos testes. Somando as semanas epidemiol\u00f3gicas 1 e 2, j\u00e1 foram 4.027 exames e 1.271 resultados reagentes para a covid-19.<\/p>\n<p>A testagem de ant\u00edgeno est\u00e1 sendo aplicada na janela de tr\u00eas a sete dias de sintomas, seguindo o protocolo do Minist\u00e9rio da Sa\u00fade. Na semana passada, a gest\u00e3o municipal abriu leitos exclusivos para Covid-19 no Hospital Municipal Pedro I, no ISEA (para gestantes) e no HCA (at\u00e9 14 anos).<\/p>\n<p>Para as pessoas com sintomas gripais, a Vigil\u00e2ncia em Sa\u00fade do Munic\u00edpio recomenda o uso de m\u00e1scaras e higieniza\u00e7\u00e3o das m\u00e3os a partir do in\u00edcio dos sintomas; orienta que os pacientes procurem os servi\u00e7os de sa\u00fade ap\u00f3s o terceiro dia de sintomas persistentes; orienta tamb\u00e9m sobre a utiliza\u00e7\u00e3o de m\u00e1scaras at\u00e9 o terceiro dia, ap\u00f3s o t\u00e9rmino dos sintomas.<\/p>\n<p>Para a popula\u00e7\u00e3o em geral, a Vigil\u00e2ncia em Sa\u00fade recomenda a constante higieniza\u00e7\u00e3o das m\u00e3os com \u00e1gua e sab\u00e3o ou \u00e1lcool gel, a limpeza de objetos de uso compartilhado e o afastamento de crian\u00e7as de atividades desenvolvidas em creches, escolas ou brinquedotecas, caso haja sintomas, al\u00e9m do uso de m\u00e1scaras em grupos vulner\u00e1veis, como imunossuprimidos e idosos.<\/p>\n<p>PMCG<\/p>\n","protected":false},"excerpt":{"rendered":"<p>A Secretaria de Sa\u00fade de Campina Grande apresentou, nesta segunda-feira, 15, os dados do boletim epidemiol\u00f3gico da Covid-19, na segunda semana de 2024. Entre os dias 7 e 13 de janeiro, foram aplicados 1.604 testes e 474 apresentaram resultado positivo, o que representa 29,5%. Entre a primeira e a segunda semana, a Secretaria Municipal de &hellip;<\/p>\n","protected":false},"author":1,"featured_media":107857,"comment_status":"open","ping_status":"open","sticky":false,"template":"","format":"standard","meta":{"footnotes":""},"categories":[2],"tags":[],"class_list":["post-121209","post","type-post","status-publish","format-standard","has-post-thumbnail","hentry","category-saude"],"_links":{"self":[{"href":"https:\/\/iparaiba.com.br\/index.php\/wp-json\/wp\/v2\/posts\/121209","targetHints":{"allow":["GET"]}}],"collection":[{"href":"https:\/\/iparaiba.com.br\/index.php\/wp-json\/wp\/v2\/posts"}],"about":[{"href":"https:\/\/iparaiba.com.br\/index.php\/wp-json\/wp\/v2\/types\/post"}],"author":[{"embeddable":true,"href":"https:\/\/iparaiba.com.br\/index.php\/wp-json\/wp\/v2\/users\/1"}],"replies":[{"embeddable":true,"href":"https:\/\/iparaiba.com.br\/index.php\/wp-json\/wp\/v2\/comments?post=121209"}],"version-history":[{"count":1,"href":"https:\/\/iparaiba.com.br\/index.php\/wp-json\/wp\/v2\/posts\/121209\/revisions"}],"predecessor-version":[{"id":121231,"href":"https:\/\/iparaiba.com.br\/index.php\/wp-json\/wp\/v2\/posts\/121209\/revisions\/121231"}],"wp:featuredmedia":[{"embeddable":true,"href":"https:\/\/iparaiba.com.br\/index.php\/wp-json\/wp\/v2\/media\/107857"}],"wp:attachment":[{"href":"https:\/\/iparaiba.com.br\/index.php\/wp-json\/wp\/v2\/media?parent=121209"}],"wp:term":[{"taxonomy":"category","embeddable":true,"href":"https:\/\/iparaiba.com.br\/index.php\/wp-json\/wp\/v2\/categories?post=121209"},{"taxonomy":"post_tag","embeddable":true,"href":"https:\/\/iparaiba.com.br\/index.php\/wp-json\/wp\/v2\/tags?post=121209"}],"curies":[{"name":"wp","href":"https:\/\/api.w.org\/{rel}","templated":true}]}}