{"id":121208,"date":"2024-01-16T16:03:13","date_gmt":"2024-01-16T19:03:13","guid":{"rendered":"https:\/\/onordeste.com.br\/?p=121183"},"modified":"2024-01-16T16:03:13","modified_gmt":"2024-01-16T19:03:13","slug":"apreendidos-mais-de-200kg-de-maconha","status":"publish","type":"post","link":"https:\/\/iparaiba.com.br\/index.php\/2024\/01\/16\/apreendidos-mais-de-200kg-de-maconha\/","title":{"rendered":"Apreendidos mais de 200kg de maconha"},"content":{"rendered":"<p><strong>Gua\u00edra\/PR.<\/strong> A Pol\u00edcia Federal, em a\u00e7\u00e3o conjunta com o Batalh\u00e3o de Pol\u00edcia de Fronteira (BPFron), Grupamento de Opera\u00e7\u00f5es A\u00e9reas (GOA\/PC) e Ex\u00e9rcito Brasileiro, localizou nove fardos de subst\u00e2ncia an\u00e1loga \u00e0 maconha, totalizando 211,5 kg ap\u00f3s pesagem.<\/p>\n<p>A a\u00e7\u00e3o se deu durante fiscaliza\u00e7\u00e3o a\u00e9rea e terrestre na regi\u00e3o rural de Gua\u00edra\/PR. Ap\u00f3s o flagrante, a droga foi encaminhada \u00e0 Delegacia de Pol\u00edcia Federal em Gua\u00edra.<\/p>\n<p style=\"text-align: left;\" align=\"right\"><strong><em>Comunica\u00e7\u00e3o Social da Pol\u00edcia Federal em Gua\u00edra\/PR<\/em><\/strong><\/p>\n","protected":false},"excerpt":{"rendered":"<p>Gua\u00edra\/PR. A Pol\u00edcia Federal, em a\u00e7\u00e3o conjunta com o Batalh\u00e3o de Pol\u00edcia de Fronteira (BPFron), Grupamento de Opera\u00e7\u00f5es A\u00e9reas (GOA\/PC) e Ex\u00e9rcito Brasileiro, localizou nove fardos de subst\u00e2ncia an\u00e1loga \u00e0 maconha, totalizando 211,5 kg ap\u00f3s pesagem. A a\u00e7\u00e3o se deu durante fiscaliza\u00e7\u00e3o a\u00e9rea e terrestre na regi\u00e3o rural de Gua\u00edra\/PR. Ap\u00f3s o flagrante, a droga &hellip;<\/p>\n","protected":false},"author":1,"featured_media":106077,"comment_status":"open","ping_status":"open","sticky":false,"template":"","format":"standard","meta":{"footnotes":""},"categories":[13],"tags":[],"class_list":["post-121208","post","type-post","status-publish","format-standard","has-post-thumbnail","hentry","category-policial"],"_links":{"self":[{"href":"https:\/\/iparaiba.com.br\/index.php\/wp-json\/wp\/v2\/posts\/121208","targetHints":{"allow":["GET"]}}],"collection":[{"href":"https:\/\/iparaiba.com.br\/index.php\/wp-json\/wp\/v2\/posts"}],"about":[{"href":"https:\/\/iparaiba.com.br\/index.php\/wp-json\/wp\/v2\/types\/post"}],"author":[{"embeddable":true,"href":"https:\/\/iparaiba.com.br\/index.php\/wp-json\/wp\/v2\/users\/1"}],"replies":[{"embeddable":true,"href":"https:\/\/iparaiba.com.br\/index.php\/wp-json\/wp\/v2\/comments?post=121208"}],"version-history":[{"count":1,"href":"https:\/\/iparaiba.com.br\/index.php\/wp-json\/wp\/v2\/posts\/121208\/revisions"}],"predecessor-version":[{"id":121230,"href":"https:\/\/iparaiba.com.br\/index.php\/wp-json\/wp\/v2\/posts\/121208\/revisions\/121230"}],"wp:featuredmedia":[{"embeddable":true,"href":"https:\/\/iparaiba.com.br\/index.php\/wp-json\/wp\/v2\/media\/106077"}],"wp:attachment":[{"href":"https:\/\/iparaiba.com.br\/index.php\/wp-json\/wp\/v2\/media?parent=121208"}],"wp:term":[{"taxonomy":"category","embeddable":true,"href":"https:\/\/iparaiba.com.br\/index.php\/wp-json\/wp\/v2\/categories?post=121208"},{"taxonomy":"post_tag","embeddable":true,"href":"https:\/\/iparaiba.com.br\/index.php\/wp-json\/wp\/v2\/tags?post=121208"}],"curies":[{"name":"wp","href":"https:\/\/api.w.org\/{rel}","templated":true}]}}