{"id":121187,"date":"2024-01-09T10:24:56","date_gmt":"2024-01-09T13:24:56","guid":{"rendered":"https:\/\/onordeste.com.br\/?p=121135"},"modified":"2024-01-09T10:24:56","modified_gmt":"2024-01-09T13:24:56","slug":"divulgado-edital-de-abertura-do-40o-exame-de-ordem-unificado","status":"publish","type":"post","link":"https:\/\/iparaiba.com.br\/index.php\/2024\/01\/09\/divulgado-edital-de-abertura-do-40o-exame-de-ordem-unificado\/","title":{"rendered":"Divulgado edital de abertura do 40\u00ba Exame de Ordem Unificado"},"content":{"rendered":"<p>A Coordena\u00e7\u00e3o Nacional do Exame da Ordem Unificado (EOU) divulgou o<a href=\"https:\/\/s.oab.org.br\/arquivos\/2023\/12\/17780d7a-8b3b-484f-b0cd-14c840d6eddb.pdf\">\u00a0Edital de Abertura<\/a>\u00a0do 40\u00ba Exame de Ordem Unificado. O per\u00edodo para inscri\u00e7\u00f5es vai de\u00a08 de janeiro de 2024 a 16 de janeiro de 2024. Neste mesmo per\u00edodo, o candidato pode solicitar isen\u00e7\u00e3o da taxa de inscri\u00e7\u00e3o.<\/p>\n<p>A realiza\u00e7\u00e3o da 1\u00aa fase (Prova Objetiva) est\u00e1 marcada para o dia 24 de mar\u00e7o de 2024.<\/p>\n<p>A aprova\u00e7\u00e3o no Exame de Ordem \u00e9 requisito necess\u00e1rio para a inscri\u00e7\u00e3o nos quadros da OAB como advogado, nos termos do art. 8\u00ba, IV, da Lei 8.906\/1994.<\/p>\n<div>Confira\u00a0<a href=\"https:\/\/s.oab.org.br\/arquivos\/2023\/12\/17780d7a-8b3b-484f-b0cd-14c840d6eddb.pdf\">aqui\u00a0<\/a>o Edital de Abertura do 40\u00ba EOU e\u00a0<a href=\"https:\/\/www.oab.org.br\/noticia\/61847\/confira-o-calendario-provisorio-para-o-exame-de-ordem-unificado-em-2024?argumentoPesquisa=calend%C3%A1rio\">aqui\u00a0<\/a>o calend\u00e1rio do Exame de Ordem para 2024.<\/div>\n","protected":false},"excerpt":{"rendered":"<p>A Coordena\u00e7\u00e3o Nacional do Exame da Ordem Unificado (EOU) divulgou o\u00a0Edital de Abertura\u00a0do 40\u00ba Exame de Ordem Unificado. O per\u00edodo para inscri\u00e7\u00f5es vai de\u00a08 de janeiro de 2024 a 16 de janeiro de 2024. Neste mesmo per\u00edodo, o candidato pode solicitar isen\u00e7\u00e3o da taxa de inscri\u00e7\u00e3o. A realiza\u00e7\u00e3o da 1\u00aa fase (Prova Objetiva) est\u00e1 marcada &hellip;<\/p>\n","protected":false},"author":1,"featured_media":97407,"comment_status":"open","ping_status":"open","sticky":false,"template":"","format":"standard","meta":{"footnotes":""},"categories":[12],"tags":[],"class_list":["post-121187","post","type-post","status-publish","format-standard","has-post-thumbnail","hentry","category-emprego"],"_links":{"self":[{"href":"https:\/\/iparaiba.com.br\/index.php\/wp-json\/wp\/v2\/posts\/121187","targetHints":{"allow":["GET"]}}],"collection":[{"href":"https:\/\/iparaiba.com.br\/index.php\/wp-json\/wp\/v2\/posts"}],"about":[{"href":"https:\/\/iparaiba.com.br\/index.php\/wp-json\/wp\/v2\/types\/post"}],"author":[{"embeddable":true,"href":"https:\/\/iparaiba.com.br\/index.php\/wp-json\/wp\/v2\/users\/1"}],"replies":[{"embeddable":true,"href":"https:\/\/iparaiba.com.br\/index.php\/wp-json\/wp\/v2\/comments?post=121187"}],"version-history":[{"count":0,"href":"https:\/\/iparaiba.com.br\/index.php\/wp-json\/wp\/v2\/posts\/121187\/revisions"}],"wp:featuredmedia":[{"embeddable":true,"href":"https:\/\/iparaiba.com.br\/index.php\/wp-json\/wp\/v2\/media\/97407"}],"wp:attachment":[{"href":"https:\/\/iparaiba.com.br\/index.php\/wp-json\/wp\/v2\/media?parent=121187"}],"wp:term":[{"taxonomy":"category","embeddable":true,"href":"https:\/\/iparaiba.com.br\/index.php\/wp-json\/wp\/v2\/categories?post=121187"},{"taxonomy":"post_tag","embeddable":true,"href":"https:\/\/iparaiba.com.br\/index.php\/wp-json\/wp\/v2\/tags?post=121187"}],"curies":[{"name":"wp","href":"https:\/\/api.w.org\/{rel}","templated":true}]}}