{"id":121182,"date":"2024-01-11T18:57:25","date_gmt":"2024-01-11T21:57:25","guid":{"rendered":"https:\/\/onordeste.com.br\/?p=121167"},"modified":"2024-01-11T18:57:25","modified_gmt":"2024-01-11T21:57:25","slug":"policia-federal-divulga-balanco-da-operacao-lesa-patria","status":"publish","type":"post","link":"https:\/\/iparaiba.com.br\/index.php\/2024\/01\/11\/policia-federal-divulga-balanco-da-operacao-lesa-patria\/","title":{"rendered":"Pol\u00edcia Federal divulga balan\u00e7o da Opera\u00e7\u00e3o Lesa P\u00e1tria"},"content":{"rendered":"<p><strong>Bras\u00edlia\/DF.<\/strong>\u00a0A Pol\u00edcia Federal consolidou, nesta segunda-feira, 8\/1\/2024, os resultados dos trabalhos desenvolvidos desde que &#8211; h\u00e1 exatamente um ano, em Bras\u00edlia &#8211; o Pal\u00e1cio do Planalto, o Congresso Nacional e o Supremo Tribunal Federal foram invadidos por indiv\u00edduos que promoveram viol\u00eancia e dano contra pr\u00e9dios, m\u00f3veis e outros bens da Uni\u00e3o.<\/p>\n<p>A opera\u00e7\u00e3o apresenta os n\u00fameros consolidados a seguir:<\/p>\n<p>Mandados de pris\u00e3o preventiva: 97<br \/>\nMandados de busca e apreens\u00e3o: 313<br \/>\nValores de bens apreendidos: R$ 11.692.820,29*<br \/>\nValores de ve\u00edculos apreendidos: R$ 5.032.147,00*<br \/>\nValores de \u00f4nibus apreendidos: R$ 8.400.000,00*<\/p>\n<p>Al\u00e9m dos n\u00fameros acima, frutos das 23 fases da Lesa P\u00e1tria, foram realizadas 1.393 pris\u00f5es em flagrante em decorr\u00eancia dos atos de 8\/1\/2023, nos dias que sucederam aos ataques.<\/p>\n<p><em>*Os valores s\u00e3o estimados, tendo em vista que bens sofrem deprecia\u00e7\u00e3o com o passar o tempo e n\u00e3o foram contabilizadas ainda as apreens\u00f5es da 23\u00aa fase.<\/em><\/p>\n<p>As investiga\u00e7\u00f5es continuam em curso e a Opera\u00e7\u00e3o Lesa P\u00e1tria \u00e9 permanente, com atualiza\u00e7\u00f5es peri\u00f3dicas acerca do n\u00famero de mandados judiciais expedidos e pessoas capturadas.<\/p>\n<p><em>Coordena\u00e7\u00e3o-Geral de Comunica\u00e7\u00e3o Social<\/em><\/p>\n","protected":false},"excerpt":{"rendered":"<p>Bras\u00edlia\/DF.\u00a0A Pol\u00edcia Federal consolidou, nesta segunda-feira, 8\/1\/2024, os resultados dos trabalhos desenvolvidos desde que &#8211; h\u00e1 exatamente um ano, em Bras\u00edlia &#8211; o Pal\u00e1cio do Planalto, o Congresso Nacional e o Supremo Tribunal Federal foram invadidos por indiv\u00edduos que promoveram viol\u00eancia e dano contra pr\u00e9dios, m\u00f3veis e outros bens da Uni\u00e3o. A opera\u00e7\u00e3o apresenta os &hellip;<\/p>\n","protected":false},"author":1,"featured_media":109502,"comment_status":"open","ping_status":"open","sticky":false,"template":"","format":"standard","meta":{"footnotes":""},"categories":[13],"tags":[],"class_list":["post-121182","post","type-post","status-publish","format-standard","has-post-thumbnail","hentry","category-policial"],"_links":{"self":[{"href":"https:\/\/iparaiba.com.br\/index.php\/wp-json\/wp\/v2\/posts\/121182","targetHints":{"allow":["GET"]}}],"collection":[{"href":"https:\/\/iparaiba.com.br\/index.php\/wp-json\/wp\/v2\/posts"}],"about":[{"href":"https:\/\/iparaiba.com.br\/index.php\/wp-json\/wp\/v2\/types\/post"}],"author":[{"embeddable":true,"href":"https:\/\/iparaiba.com.br\/index.php\/wp-json\/wp\/v2\/users\/1"}],"replies":[{"embeddable":true,"href":"https:\/\/iparaiba.com.br\/index.php\/wp-json\/wp\/v2\/comments?post=121182"}],"version-history":[{"count":1,"href":"https:\/\/iparaiba.com.br\/index.php\/wp-json\/wp\/v2\/posts\/121182\/revisions"}],"predecessor-version":[{"id":121203,"href":"https:\/\/iparaiba.com.br\/index.php\/wp-json\/wp\/v2\/posts\/121182\/revisions\/121203"}],"wp:featuredmedia":[{"embeddable":true,"href":"https:\/\/iparaiba.com.br\/index.php\/wp-json\/wp\/v2\/media\/109502"}],"wp:attachment":[{"href":"https:\/\/iparaiba.com.br\/index.php\/wp-json\/wp\/v2\/media?parent=121182"}],"wp:term":[{"taxonomy":"category","embeddable":true,"href":"https:\/\/iparaiba.com.br\/index.php\/wp-json\/wp\/v2\/categories?post=121182"},{"taxonomy":"post_tag","embeddable":true,"href":"https:\/\/iparaiba.com.br\/index.php\/wp-json\/wp\/v2\/tags?post=121182"}],"curies":[{"name":"wp","href":"https:\/\/api.w.org\/{rel}","templated":true}]}}