{"id":121176,"date":"2024-01-10T18:46:15","date_gmt":"2024-01-10T21:46:15","guid":{"rendered":"https:\/\/onordeste.com.br\/?p=121155"},"modified":"2024-01-10T18:46:15","modified_gmt":"2024-01-10T21:46:15","slug":"edital-do-concurso-publico-nacional-unificado","status":"publish","type":"post","link":"https:\/\/iparaiba.com.br\/index.php\/2024\/01\/10\/edital-do-concurso-publico-nacional-unificado\/","title":{"rendered":"Edital do Concurso P\u00fablico Nacional Unificado"},"content":{"rendered":"<p>Ser\u00e1 publicado no Di\u00e1rio Oficial da Uni\u00e3o desta quarta-feira (10) o edital com as regras para o Concurso P\u00fablico Nacional Unificado (CPNU), que selecionar\u00e1 6.640 servidores para 21 \u00f3rg\u00e3os p\u00fablicos.<\/p>\n<p>A previs\u00e3o \u00e9 de que as inscri\u00e7\u00f5es estejam abertas entre os dias 19 de janeiro e 9 de fevereiro e que a prova seja aplicada no dia 5 de maio.<\/p>\n<p>De acordo com o Minist\u00e9rio da Gest\u00e3o e da Inova\u00e7\u00e3o em Servi\u00e7os P\u00fablicos, o edital apresentar\u00e1 \u201cinforma\u00e7\u00f5es sobre os blocos tem\u00e1ticos, conte\u00fados das provas, crit\u00e9rios de classifica\u00e7\u00e3o e desclassifica\u00e7\u00e3o, lista de espera, cadastro de reserva, validade do certame e composi\u00e7\u00e3o das notas finais\u201d.<\/p>\n<p>Em nota divulgada pela pasta, a secret\u00e1ria adjunta de Gest\u00e3o de Pessoas, Regina Camargo, adiantou que a metodologia a ser adotada no concurso \u00e9 inovadora, e que as provas ser\u00e3o aplicadas em 220 cidades de todo o pa\u00eds por meio de parceria com o Cesgranrio.<\/p>\n<p>\u201c\u00c9 um feito in\u00e9dito que exige prepara\u00e7\u00e3o in\u00e9dita tamb\u00e9m\u201d, informou a secret\u00e1ria ao explicar que a amplia\u00e7\u00e3o do n\u00famero de cidades tem por objetivo, garantir que regi\u00f5es metropolitanas tenham provas em mais de uma cidade.<\/p>\n<p><strong>Inova\u00e7\u00f5es<\/strong><\/p>\n<p>Entre as inova\u00e7\u00f5es a serem adotadas est\u00e1 a previs\u00e3o de que uma inscri\u00e7\u00e3o valha para o processo seletivo de mais de um \u00f3rg\u00e3o. Outra novidade \u00e9 a busca pela \u201cigualdade de oportunidades de acesso\u201d aos cargos p\u00fablicos efetivos.<\/p>\n<p>\u201cQueremos democratizar o acesso a essas vagas. Muitas pessoas sequer conseguiam prestar concursos porque precisavam se deslocar para outros estados, o que muitas vezes \u00e9 muito dispendioso\u201d, justificou a secret\u00e1ria.<\/p>\n<p>Ao anunciar, em setembro de 2023, o novo processo seletivo, o Minist\u00e9rio da Gest\u00e3o explicou que, no momento da inscri\u00e7\u00e3o, os candidatos dever\u00e3o optar por um dos blocos das \u00e1reas de atua\u00e7\u00e3o governamental dispon\u00edveis.<\/p>\n<p><strong>Provas e \u00e1reas de atua\u00e7\u00e3o<\/strong><\/p>\n<p>Na sequ\u00eancia, indicar\u00e3o cargo ou carreira por ordem de prefer\u00eancia, entre as vagas dispon\u00edveis no bloco de sua escolha. A ideia apresentada inicialmente \u00e9 de que a primeira etapa do concurso unificado seja em um \u00fanico dia, dividida em dois momentos: primeiro ser\u00e1 aplicada uma prova objetiva, com conte\u00fado comum a todos os candidatos. Depois, no mesmo dia, ser\u00e3o aplicadas provas dissertativas e com conte\u00fados espec\u00edficos, de acordo com cada bloco tem\u00e1tico.<\/p>\n<p>As \u00e1reas de atua\u00e7\u00e3o anunciadas at\u00e9 o momento s\u00e3o: administra\u00e7\u00e3o e finan\u00e7as; setores econ\u00f4micos, infraestrutura e regula\u00e7\u00e3o; agricultura, meio ambiente e desenvolvimento agr\u00e1rio; educa\u00e7\u00e3o, ci\u00eancia, tecnologia e inova\u00e7\u00e3o; pol\u00edticas sociais, justi\u00e7a e sa\u00fade; trabalho e previd\u00eancia; dados, tecnologia e informa\u00e7\u00e3o p\u00fablica, al\u00e9m do n\u00edvel intermedi\u00e1rio.<\/p>\n<p><em>Ag\u00eancia Brasil<\/em><\/p>\n","protected":false},"excerpt":{"rendered":"<p>Ser\u00e1 publicado no Di\u00e1rio Oficial da Uni\u00e3o desta quarta-feira (10) o edital com as regras para o Concurso P\u00fablico Nacional Unificado (CPNU), que selecionar\u00e1 6.640 servidores para 21 \u00f3rg\u00e3os p\u00fablicos. A previs\u00e3o \u00e9 de que as inscri\u00e7\u00f5es estejam abertas entre os dias 19 de janeiro e 9 de fevereiro e que a prova seja aplicada &hellip;<\/p>\n","protected":false},"author":1,"featured_media":97831,"comment_status":"open","ping_status":"open","sticky":false,"template":"","format":"standard","meta":{"footnotes":""},"categories":[12],"tags":[],"class_list":["post-121176","post","type-post","status-publish","format-standard","has-post-thumbnail","hentry","category-emprego"],"_links":{"self":[{"href":"https:\/\/iparaiba.com.br\/index.php\/wp-json\/wp\/v2\/posts\/121176","targetHints":{"allow":["GET"]}}],"collection":[{"href":"https:\/\/iparaiba.com.br\/index.php\/wp-json\/wp\/v2\/posts"}],"about":[{"href":"https:\/\/iparaiba.com.br\/index.php\/wp-json\/wp\/v2\/types\/post"}],"author":[{"embeddable":true,"href":"https:\/\/iparaiba.com.br\/index.php\/wp-json\/wp\/v2\/users\/1"}],"replies":[{"embeddable":true,"href":"https:\/\/iparaiba.com.br\/index.php\/wp-json\/wp\/v2\/comments?post=121176"}],"version-history":[{"count":1,"href":"https:\/\/iparaiba.com.br\/index.php\/wp-json\/wp\/v2\/posts\/121176\/revisions"}],"predecessor-version":[{"id":121197,"href":"https:\/\/iparaiba.com.br\/index.php\/wp-json\/wp\/v2\/posts\/121176\/revisions\/121197"}],"wp:featuredmedia":[{"embeddable":true,"href":"https:\/\/iparaiba.com.br\/index.php\/wp-json\/wp\/v2\/media\/97831"}],"wp:attachment":[{"href":"https:\/\/iparaiba.com.br\/index.php\/wp-json\/wp\/v2\/media?parent=121176"}],"wp:term":[{"taxonomy":"category","embeddable":true,"href":"https:\/\/iparaiba.com.br\/index.php\/wp-json\/wp\/v2\/categories?post=121176"},{"taxonomy":"post_tag","embeddable":true,"href":"https:\/\/iparaiba.com.br\/index.php\/wp-json\/wp\/v2\/tags?post=121176"}],"curies":[{"name":"wp","href":"https:\/\/api.w.org\/{rel}","templated":true}]}}